{"id":27157,"date":"2022-12-15T18:30:17","date_gmt":"2022-12-15T17:30:17","guid":{"rendered":"https:\/\/blogs.elcomercio.es\/reflexiones-de-belarmino\/?p=27157"},"modified":"2022-12-15T18:30:17","modified_gmt":"2022-12-15T17:30:17","slug":"los-socios-de-los-grandes-carteles-mexicanos-salinas-calderon-y-pena-nieto-fuera-de-mexico-degustan-los-mariscos-y-el-vega-sicilia-en-madrid","status":"publish","type":"post","link":"https:\/\/blogs.elcomercio.es\/reflexiones-de-belarmino\/2022\/12\/15\/los-socios-de-los-grandes-carteles-mexicanos-salinas-calderon-y-pena-nieto-fuera-de-mexico-degustan-los-mariscos-y-el-vega-sicilia-en-madrid\/","title":{"rendered":"\u00a1\u00a1\u00a1\u00a1LOS SOCIOS DE LOS GRANDES CARTELES MEXICANOS, SALINAS. CALDERON Y PE\u00d1A NIETO, FUERA DE MEXICO DEGUSTAN LOS MARISCOS Y EL VEGA SICILIA EN MADRID !!!"},"content":{"rendered":"<p><b>\u00a1\u00a1QUE GRAN ADQUISICI\u00d3N\u00a0PARA ESPA\u00d1A!!!. De un plumazo, les di\u00f3 la residencia a tres de los\u00a0cinco\u00a0presidentes mexicanos, que impulsaron, se enriquecieron\u00a0y fueron socios de los Carteles de Sinaloa, de Tijuana, del Golfo, de Ju\u00e1rez\u00a0y hoy el Jalisco Nuevas Generaciones.<\/b><\/p>\n<p><b>Carlos Salinas\u00a0de Gortari, por su &#8220;ascendencia&#8221; sefard\u00ed; Enrique Pe\u00f1a Nieto por poseer propiedades y los millones de d\u00f3lares que pide la ley y, por supuesto Felipe Calder\u00f3n por tener contrato que l le ofreci\u00f3\u00a0en FAES, al gran hombre el gran servidor de Iberdrola, Jos\u00e9 Mar\u00eda Aznar.<\/b><\/p>\n<p><b>Para que arriesgarse\u00a0a\u00a0los 500,000 miembros del Ej\u00e9rcito, la Marina y la Guardia Nacional\u00a0que\u00a0van tras\u00a0de ellos, en aquel\u00a0inh\u00f3spito\u00a0pa\u00eds, si aqu\u00ed en las delicias de Madrid y de Marbella, tienen la buena extraordinaria\u00a0comida, la buena\u00a0bebida, y las relaciones en Espa\u00f1a y en Europa,que disfrutan los socios cuando era presidentes, y pasan\u00a0desapercibidos entre las \u00e9lites\u00a0espa\u00f1olas, europeas, como se les trataba en Europa a los servidores del Zar Nicol\u00e1s\u00a0II.<\/b><\/p>\n<p><b>\u00bf De que tama\u00f1o ser\u00e1 la fortuna de los l\u00edderes\u00a0de los Carteles mexicanos y de los corruptos pol\u00edticos\u00a0mexicanos, cuando Forbes estim\u00f3 que el Chapo Guzm\u00e1n ten\u00eda 2,000 millones de d\u00f3lares?<\/b><\/p>\n<!-- AddThis Advanced Settings generic via filter on the_content --><!-- AddThis Share Buttons generic via filter on the_content -->","protected":false},"excerpt":{"rendered":"<p>\u00a1\u00a1QUE GRAN ADQUISICI\u00d3N\u00a0PARA ESPA\u00d1A!!!. De un plumazo, les di\u00f3 la residencia a tres de los\u00a0cinco\u00a0presidentes mexicanos, que impulsaron, se enriquecieron\u00a0y fueron socios de los Carteles de Sinaloa, de Tijuana, del Golfo, de Ju\u00e1rez\u00a0y hoy el Jalisco Nuevas Generaciones. Carlos Salinas\u00a0de Gortari, por su &#8220;ascendencia&#8221; sefard\u00ed; Enrique Pe\u00f1a Nieto por poseer propiedades y los millones de [&hellip;]<!-- AddThis Advanced Settings generic via filter on get_the_excerpt --><!-- AddThis Share Buttons generic via filter on get_the_excerpt --><\/p>\n","protected":false},"author":16,"featured_media":0,"comment_status":"open","ping_status":"closed","sticky":false,"template":"","format":"standard","meta":[],"categories":[1],"tags":[],"_links":{"self":[{"href":"https:\/\/blogs.elcomercio.es\/reflexiones-de-belarmino\/wp-json\/wp\/v2\/posts\/27157"}],"collection":[{"href":"https:\/\/blogs.elcomercio.es\/reflexiones-de-belarmino\/wp-json\/wp\/v2\/posts"}],"about":[{"href":"https:\/\/blogs.elcomercio.es\/reflexiones-de-belarmino\/wp-json\/wp\/v2\/types\/post"}],"author":[{"embeddable":true,"href":"https:\/\/blogs.elcomercio.es\/reflexiones-de-belarmino\/wp-json\/wp\/v2\/users\/16"}],"replies":[{"embeddable":true,"href":"https:\/\/blogs.elcomercio.es\/reflexiones-de-belarmino\/wp-json\/wp\/v2\/comments?post=27157"}],"version-history":[{"count":2,"href":"https:\/\/blogs.elcomercio.es\/reflexiones-de-belarmino\/wp-json\/wp\/v2\/posts\/27157\/revisions"}],"predecessor-version":[{"id":27159,"href":"https:\/\/blogs.elcomercio.es\/reflexiones-de-belarmino\/wp-json\/wp\/v2\/posts\/27157\/revisions\/27159"}],"wp:attachment":[{"href":"https:\/\/blogs.elcomercio.es\/reflexiones-de-belarmino\/wp-json\/wp\/v2\/media?parent=27157"}],"wp:term":[{"taxonomy":"category","embeddable":true,"href":"https:\/\/blogs.elcomercio.es\/reflexiones-de-belarmino\/wp-json\/wp\/v2\/categories?post=27157"},{"taxonomy":"post_tag","embeddable":true,"href":"https:\/\/blogs.elcomercio.es\/reflexiones-de-belarmino\/wp-json\/wp\/v2\/tags?post=27157"}],"curies":[{"name":"wp","href":"https:\/\/api.w.org\/{rel}","templated":true}]}}