{"id":27160,"date":"2022-12-16T11:21:43","date_gmt":"2022-12-16T10:21:43","guid":{"rendered":"https:\/\/blogs.elcomercio.es\/reflexiones-de-belarmino\/?p=27160"},"modified":"2022-12-16T11:21:43","modified_gmt":"2022-12-16T10:21:43","slug":"en-el-limite-del-sabotaje-democratico-derecha-y-la-ultraderechacon-su-reto-van-a-dar-paso-a-la-transicion-plena","status":"publish","type":"post","link":"https:\/\/blogs.elcomercio.es\/reflexiones-de-belarmino\/2022\/12\/16\/en-el-limite-del-sabotaje-democratico-derecha-y-la-ultraderechacon-su-reto-van-a-dar-paso-a-la-transicion-plena\/","title":{"rendered":"\u00a1\u00a1\u00a1\u00a1  EN EL L\u00cdMITE DEL SABOTAJE DEMOCR\u00c1TICO, DERECHA Y LA ULTRADERECHA,CON SU RETO, VAN A DAR PASO A LA TRANSICI\u00d3N PLENA !!!"},"content":{"rendered":"<p><b>Dia, y d\u00edas que vendr\u00e1n, han puesto en alta tensi\u00f3n\u00a0 no s\u00f3lo a la clase\u00a0politica sino a Espa\u00f1a\u00a0entera. Nunca desde 1978 ha habido un intento de asalto a las instituciones como la de este fin de semana. \u00bfLa causa?. Por primera vez desde el final del franquismo\u00a0 la derecha y la ultraderecha, han visto que pueden perder el tercer poder, el Judicial, que no ha sido el poder de equilibrio\u00a0 y que ha permitido\u00a0mantener el &#8220;status quo&#8221;. El odio a Pedro S\u00e1nchez\u00a0es que ha roto el manejo de ese poder para hacer uso de \u00e9l\u00a0 en su favor, el de sus intereses, el de\u00a0la\u00a0corrupci\u00f3n.Y ello, no lo permiten los poderes f\u00e1cticos, empezando por la Iglesia Cat\u00f3lica Espa\u00f1ola.<\/b><\/p>\n<p><b>Pero, se equivocan. No hay nada parecido a lo que es un parto\u00a0 que\u00a0da luz a la vida, doloroso., expectante, pero que al final nace algo nuevo, y eso es lo que est\u00e1 sucediendo en Espa\u00f1a. Tendremos por delante d\u00edas dif\u00edciles,\u00a0 muy dif\u00edciles, de aqu\u00ed a final de a\u00f1o, pero el esfuerzo de S\u00e1nchez, del Gobierno de Coalici\u00f3n y del resto de las fuerzas pol\u00edticas nacionalistas la mayor\u00eda social y en el congreso,\u00a0 lo van a lograr.<\/b><\/p>\n<p><b>Cuando el Poder Judicial sea real, no tercermundista, como en ocasiones apelan\u00a0con desprecio en nuestro pa\u00eds , por fin se dar\u00e1\u00a0un avance, habiendo dejando el lastre del\u00a0franquismo que nos acompa\u00f1\u00f3 43 a\u00f1os, y surgir\u00e1\u00a0la Transici\u00f3n Espa\u00f1ola.<\/b><\/p>\n<p><b>A Europa y a los\u00a0grandes capitales les conviene la alteraci\u00f3n del sistema actual.<\/b><\/p>\n<p><strong>Al tiempo&#8230;<\/strong><\/p>\n<p>&nbsp;<\/p>\n<!-- AddThis Advanced Settings generic via filter on the_content --><!-- AddThis Share Buttons generic via filter on the_content -->","protected":false},"excerpt":{"rendered":"<p>Dia, y d\u00edas que vendr\u00e1n, han puesto en alta tensi\u00f3n\u00a0 no s\u00f3lo a la clase\u00a0politica sino a Espa\u00f1a\u00a0entera. Nunca desde 1978 ha habido un intento de asalto a las instituciones como la de este fin de semana. \u00bfLa causa?. Por primera vez desde el final del franquismo\u00a0 la derecha y la ultraderecha, han visto que [&hellip;]<!-- AddThis Advanced Settings generic via filter on get_the_excerpt --><!-- AddThis Share Buttons generic via filter on get_the_excerpt --><\/p>\n","protected":false},"author":16,"featured_media":0,"comment_status":"open","ping_status":"closed","sticky":false,"template":"","format":"standard","meta":[],"categories":[1],"tags":[],"_links":{"self":[{"href":"https:\/\/blogs.elcomercio.es\/reflexiones-de-belarmino\/wp-json\/wp\/v2\/posts\/27160"}],"collection":[{"href":"https:\/\/blogs.elcomercio.es\/reflexiones-de-belarmino\/wp-json\/wp\/v2\/posts"}],"about":[{"href":"https:\/\/blogs.elcomercio.es\/reflexiones-de-belarmino\/wp-json\/wp\/v2\/types\/post"}],"author":[{"embeddable":true,"href":"https:\/\/blogs.elcomercio.es\/reflexiones-de-belarmino\/wp-json\/wp\/v2\/users\/16"}],"replies":[{"embeddable":true,"href":"https:\/\/blogs.elcomercio.es\/reflexiones-de-belarmino\/wp-json\/wp\/v2\/comments?post=27160"}],"version-history":[{"count":1,"href":"https:\/\/blogs.elcomercio.es\/reflexiones-de-belarmino\/wp-json\/wp\/v2\/posts\/27160\/revisions"}],"predecessor-version":[{"id":27161,"href":"https:\/\/blogs.elcomercio.es\/reflexiones-de-belarmino\/wp-json\/wp\/v2\/posts\/27160\/revisions\/27161"}],"wp:attachment":[{"href":"https:\/\/blogs.elcomercio.es\/reflexiones-de-belarmino\/wp-json\/wp\/v2\/media?parent=27160"}],"wp:term":[{"taxonomy":"category","embeddable":true,"href":"https:\/\/blogs.elcomercio.es\/reflexiones-de-belarmino\/wp-json\/wp\/v2\/categories?post=27160"},{"taxonomy":"post_tag","embeddable":true,"href":"https:\/\/blogs.elcomercio.es\/reflexiones-de-belarmino\/wp-json\/wp\/v2\/tags?post=27160"}],"curies":[{"name":"wp","href":"https:\/\/api.w.org\/{rel}","templated":true}]}}