{"id":27162,"date":"2022-12-16T11:29:22","date_gmt":"2022-12-16T10:29:22","guid":{"rendered":"https:\/\/blogs.elcomercio.es\/reflexiones-de-belarmino\/?p=27162"},"modified":"2022-12-16T11:29:22","modified_gmt":"2022-12-16T10:29:22","slug":"amigos-catalanes-ustedes-nunca-van-a-lograr-la-independencia-con-esta-constitucion","status":"publish","type":"post","link":"https:\/\/blogs.elcomercio.es\/reflexiones-de-belarmino\/2022\/12\/16\/amigos-catalanes-ustedes-nunca-van-a-lograr-la-independencia-con-esta-constitucion\/","title":{"rendered":"\u00a1\u00a1\u00a1AMIGOS CATALANES, USTEDES NUNCA VAN A LOGRAR LA INDEPENDENCIA CON ESTA CONSTITUCI\u00d3N !!!"},"content":{"rendered":"<p><strong>As\u00ed de claro hay que\u00a0<\/strong><b>decirles. Mientras esta Constituci\u00f3n exista ustedes nunca van lograr la independencia.<\/b><\/p>\n<p><b>Ustedes saben\u00a0bien el avance de haber\u00a0pasado de la judicializaci\u00f3n\u00a0de de aquel experimento equivocado del 1 de octubre, al encarrilar\u00a0el proceso en el marco pol\u00edtico. Cost\u00f3 pero se les cumpli\u00f3. Pueden so\u00f1ar, legitimamente, como quienes sue\u00f1an por ahora por la III Rep\u00fablica, pero una cosa son los sue\u00f1os y la otra la transformaci\u00f3n de la sociedad.<\/b><\/p>\n<!-- AddThis Advanced Settings generic via filter on the_content --><!-- AddThis Share Buttons generic via filter on the_content -->","protected":false},"excerpt":{"rendered":"<p>As\u00ed de claro hay que\u00a0decirles. Mientras esta Constituci\u00f3n exista ustedes nunca van lograr la independencia. Ustedes saben\u00a0bien el avance de haber\u00a0pasado de la judicializaci\u00f3n\u00a0de de aquel experimento equivocado del 1 de octubre, al encarrilar\u00a0el proceso en el marco pol\u00edtico. Cost\u00f3 pero se les cumpli\u00f3. Pueden so\u00f1ar, legitimamente, como quienes sue\u00f1an por ahora por la III [&hellip;]<!-- AddThis Advanced Settings generic via filter on get_the_excerpt --><!-- AddThis Share Buttons generic via filter on get_the_excerpt --><\/p>\n","protected":false},"author":16,"featured_media":0,"comment_status":"open","ping_status":"closed","sticky":false,"template":"","format":"standard","meta":[],"categories":[1],"tags":[],"_links":{"self":[{"href":"https:\/\/blogs.elcomercio.es\/reflexiones-de-belarmino\/wp-json\/wp\/v2\/posts\/27162"}],"collection":[{"href":"https:\/\/blogs.elcomercio.es\/reflexiones-de-belarmino\/wp-json\/wp\/v2\/posts"}],"about":[{"href":"https:\/\/blogs.elcomercio.es\/reflexiones-de-belarmino\/wp-json\/wp\/v2\/types\/post"}],"author":[{"embeddable":true,"href":"https:\/\/blogs.elcomercio.es\/reflexiones-de-belarmino\/wp-json\/wp\/v2\/users\/16"}],"replies":[{"embeddable":true,"href":"https:\/\/blogs.elcomercio.es\/reflexiones-de-belarmino\/wp-json\/wp\/v2\/comments?post=27162"}],"version-history":[{"count":1,"href":"https:\/\/blogs.elcomercio.es\/reflexiones-de-belarmino\/wp-json\/wp\/v2\/posts\/27162\/revisions"}],"predecessor-version":[{"id":27163,"href":"https:\/\/blogs.elcomercio.es\/reflexiones-de-belarmino\/wp-json\/wp\/v2\/posts\/27162\/revisions\/27163"}],"wp:attachment":[{"href":"https:\/\/blogs.elcomercio.es\/reflexiones-de-belarmino\/wp-json\/wp\/v2\/media?parent=27162"}],"wp:term":[{"taxonomy":"category","embeddable":true,"href":"https:\/\/blogs.elcomercio.es\/reflexiones-de-belarmino\/wp-json\/wp\/v2\/categories?post=27162"},{"taxonomy":"post_tag","embeddable":true,"href":"https:\/\/blogs.elcomercio.es\/reflexiones-de-belarmino\/wp-json\/wp\/v2\/tags?post=27162"}],"curies":[{"name":"wp","href":"https:\/\/api.w.org\/{rel}","templated":true}]}}