{"id":27164,"date":"2022-12-16T11:55:38","date_gmt":"2022-12-16T10:55:38","guid":{"rendered":"https:\/\/blogs.elcomercio.es\/reflexiones-de-belarmino\/?p=27164"},"modified":"2022-12-16T11:55:38","modified_gmt":"2022-12-16T10:55:38","slug":"espana-y-mexico-relanzan-sus-relaciones-tras-la-pausa-de-10-meses-albares-en-tlatelolco","status":"publish","type":"post","link":"https:\/\/blogs.elcomercio.es\/reflexiones-de-belarmino\/2022\/12\/16\/espana-y-mexico-relanzan-sus-relaciones-tras-la-pausa-de-10-meses-albares-en-tlatelolco\/","title":{"rendered":"\u00a1\u00a1\u00a1\u00a1\u00a1ESPA\u00d1A Y MEXICO RELANZAN SUS RELACIONES TRAS &#8220;LA PAUSA DE 10 MESES &#8220;. ALBARES EN TLATELOLCO !!!!!!!"},"content":{"rendered":"<p><b>Ayer en la ciudad de M\u00e9xico, presidiendo una delegaci\u00f3n\u00a0de ministros espa\u00f1oles, Albares\u00a0se reuni\u00f3 con Marcelo\u00a0 Ebrard,\u00a0 y reanudaron\u00a0las relaciones plenas entre ambos paises, luego de la &#8220;tregua que hab\u00eda planteado el presidente L\u00f3pez Obrador&#8221;, molesto con algunas empresas espa\u00f1olas.<\/b><\/p>\n<p><b>Era necesaria la visita, porque\u00a08,000 empresas espa\u00f1olas se desarrollan en M\u00e9xico, y todo surgi\u00f3 cuando al principio Pedro S\u00e1nchez\u00a0lleg\u00f3 a defender a las\u00a0electricas, a Repsol y OHL, que se les hab\u00eda parado en seco del m\u00e9todo\u00a0para saquear al viejo\u00a0estilo, y no entendi\u00f3 que en M\u00e9xico habia un cambio profundo.<\/b><\/p>\n<p><strong>Era necesario una visita como la de Albares ayer, tras de que en Guadalajara, Jalisco Yolanda D\u00edaz habia dicho que habia que tender la mano a M\u00e9xico.<\/strong><\/p>\n<p><strong>El a\u00f1o pr\u00f3ximo, creemos , Pedro S\u00e1nchez visitar\u00e1 a M\u00e9xico.<\/strong><\/p>\n<p><b>Y los dos paises m\u00e1s poderosos del mundo hispano, en avance\u00a0progresista ambos, podr\u00e1n avanzar en proyectos\u00a0<\/b><b>\u00fatiles para los dos.<\/b><\/p>\n<p><strong>La sensibilidad de Yolanda D\u00edaz abri\u00f3 el camino.<\/strong><\/p>\n<!-- AddThis Advanced Settings generic via filter on the_content --><!-- AddThis Share Buttons generic via filter on the_content -->","protected":false},"excerpt":{"rendered":"<p>Ayer en la ciudad de M\u00e9xico, presidiendo una delegaci\u00f3n\u00a0de ministros espa\u00f1oles, Albares\u00a0se reuni\u00f3 con Marcelo\u00a0 Ebrard,\u00a0 y reanudaron\u00a0las relaciones plenas entre ambos paises, luego de la &#8220;tregua que hab\u00eda planteado el presidente L\u00f3pez Obrador&#8221;, molesto con algunas empresas espa\u00f1olas. Era necesaria la visita, porque\u00a08,000 empresas espa\u00f1olas se desarrollan en M\u00e9xico, y todo surgi\u00f3 cuando al [&hellip;]<!-- AddThis Advanced Settings generic via filter on get_the_excerpt --><!-- AddThis Share Buttons generic via filter on get_the_excerpt --><\/p>\n","protected":false},"author":16,"featured_media":0,"comment_status":"open","ping_status":"closed","sticky":false,"template":"","format":"standard","meta":[],"categories":[1],"tags":[],"_links":{"self":[{"href":"https:\/\/blogs.elcomercio.es\/reflexiones-de-belarmino\/wp-json\/wp\/v2\/posts\/27164"}],"collection":[{"href":"https:\/\/blogs.elcomercio.es\/reflexiones-de-belarmino\/wp-json\/wp\/v2\/posts"}],"about":[{"href":"https:\/\/blogs.elcomercio.es\/reflexiones-de-belarmino\/wp-json\/wp\/v2\/types\/post"}],"author":[{"embeddable":true,"href":"https:\/\/blogs.elcomercio.es\/reflexiones-de-belarmino\/wp-json\/wp\/v2\/users\/16"}],"replies":[{"embeddable":true,"href":"https:\/\/blogs.elcomercio.es\/reflexiones-de-belarmino\/wp-json\/wp\/v2\/comments?post=27164"}],"version-history":[{"count":2,"href":"https:\/\/blogs.elcomercio.es\/reflexiones-de-belarmino\/wp-json\/wp\/v2\/posts\/27164\/revisions"}],"predecessor-version":[{"id":27166,"href":"https:\/\/blogs.elcomercio.es\/reflexiones-de-belarmino\/wp-json\/wp\/v2\/posts\/27164\/revisions\/27166"}],"wp:attachment":[{"href":"https:\/\/blogs.elcomercio.es\/reflexiones-de-belarmino\/wp-json\/wp\/v2\/media?parent=27164"}],"wp:term":[{"taxonomy":"category","embeddable":true,"href":"https:\/\/blogs.elcomercio.es\/reflexiones-de-belarmino\/wp-json\/wp\/v2\/categories?post=27164"},{"taxonomy":"post_tag","embeddable":true,"href":"https:\/\/blogs.elcomercio.es\/reflexiones-de-belarmino\/wp-json\/wp\/v2\/tags?post=27164"}],"curies":[{"name":"wp","href":"https:\/\/api.w.org\/{rel}","templated":true}]}}