{"id":27167,"date":"2022-12-16T13:16:22","date_gmt":"2022-12-16T12:16:22","guid":{"rendered":"https:\/\/blogs.elcomercio.es\/reflexiones-de-belarmino\/?p=27167"},"modified":"2022-12-16T13:16:22","modified_gmt":"2022-12-16T12:16:22","slug":"mohamed-vi-se-la-gano-a-macron","status":"publish","type":"post","link":"https:\/\/blogs.elcomercio.es\/reflexiones-de-belarmino\/2022\/12\/16\/mohamed-vi-se-la-gano-a-macron\/","title":{"rendered":"\u00a1\u00a1\u00a1\u00a1MOHAMED VI SE LA GAN\u00d3 A MACRON !!!"},"content":{"rendered":"<p><b>Emmanuel\u00a0Macron aprovechando que su equipo jugaba contra Marruecos, rompi\u00f3 la tradici\u00f3n, y en lugar de esperar a la final,como ser\u00e1, quiso\u00a0aprovechar aquel partido. Dos horas con Mohamed\u00a0VI en el palco de presidentes, en plan distendido daba para hablar de todo, era la gran oportunidad m\u00e1ximo de un pais como Francia, que ya ha anunciado apagones en todo el pa\u00ecs durante el invierno, toda vez\u00a0que dedicados a la energ\u00eda\u00a0nuclear, result\u00f3 que s\u00f3lo 30 de los 56 funcionan. Francia,con apagones&#8230;..<\/b><\/p>\n<p><b>Pero aquella oportunidad, ni pintada con Mohamed\u00a0VI.<\/b><\/p>\n<p><strong>Y el rey alau\u00ed,descendiente de una potencia donde Fez ya era una gran ciudad cuando Francia no exist\u00eda, fue m\u00e1s listo. El ir\u00eda si Marruecos fuera finalista.<\/strong><\/p>\n<p><b>Y de pronto la imagen\u00a0mundial en la televisi\u00f3n mostr\u00f3 a Macron s\u00f3lo en el palco, con el tal Infantino comprado por los\u00a0Catar\u00edes. Claro ,cu\u00e1ndo\u00a0una hora m\u00e1s tarde Mpap\u00e9 hizo aquella jugada que signific\u00f3 el segundo gol, le volvi\u00f3 la sonrisa a Macron.<\/b><\/p>\n<p>&nbsp;<\/p>\n<p>&nbsp;<\/p>\n<!-- AddThis Advanced Settings generic via filter on the_content --><!-- AddThis Share Buttons generic via filter on the_content -->","protected":false},"excerpt":{"rendered":"<p>Emmanuel\u00a0Macron aprovechando que su equipo jugaba contra Marruecos, rompi\u00f3 la tradici\u00f3n, y en lugar de esperar a la final,como ser\u00e1, quiso\u00a0aprovechar aquel partido. Dos horas con Mohamed\u00a0VI en el palco de presidentes, en plan distendido daba para hablar de todo, era la gran oportunidad m\u00e1ximo de un pais como Francia, que ya ha anunciado apagones [&hellip;]<!-- AddThis Advanced Settings generic via filter on get_the_excerpt --><!-- AddThis Share Buttons generic via filter on get_the_excerpt --><\/p>\n","protected":false},"author":16,"featured_media":0,"comment_status":"open","ping_status":"closed","sticky":false,"template":"","format":"standard","meta":[],"categories":[1],"tags":[],"_links":{"self":[{"href":"https:\/\/blogs.elcomercio.es\/reflexiones-de-belarmino\/wp-json\/wp\/v2\/posts\/27167"}],"collection":[{"href":"https:\/\/blogs.elcomercio.es\/reflexiones-de-belarmino\/wp-json\/wp\/v2\/posts"}],"about":[{"href":"https:\/\/blogs.elcomercio.es\/reflexiones-de-belarmino\/wp-json\/wp\/v2\/types\/post"}],"author":[{"embeddable":true,"href":"https:\/\/blogs.elcomercio.es\/reflexiones-de-belarmino\/wp-json\/wp\/v2\/users\/16"}],"replies":[{"embeddable":true,"href":"https:\/\/blogs.elcomercio.es\/reflexiones-de-belarmino\/wp-json\/wp\/v2\/comments?post=27167"}],"version-history":[{"count":1,"href":"https:\/\/blogs.elcomercio.es\/reflexiones-de-belarmino\/wp-json\/wp\/v2\/posts\/27167\/revisions"}],"predecessor-version":[{"id":27168,"href":"https:\/\/blogs.elcomercio.es\/reflexiones-de-belarmino\/wp-json\/wp\/v2\/posts\/27167\/revisions\/27168"}],"wp:attachment":[{"href":"https:\/\/blogs.elcomercio.es\/reflexiones-de-belarmino\/wp-json\/wp\/v2\/media?parent=27167"}],"wp:term":[{"taxonomy":"category","embeddable":true,"href":"https:\/\/blogs.elcomercio.es\/reflexiones-de-belarmino\/wp-json\/wp\/v2\/categories?post=27167"},{"taxonomy":"post_tag","embeddable":true,"href":"https:\/\/blogs.elcomercio.es\/reflexiones-de-belarmino\/wp-json\/wp\/v2\/tags?post=27167"}],"curies":[{"name":"wp","href":"https:\/\/api.w.org\/{rel}","templated":true}]}}