{"id":27169,"date":"2022-12-16T13:29:45","date_gmt":"2022-12-16T12:29:45","guid":{"rendered":"https:\/\/blogs.elcomercio.es\/reflexiones-de-belarmino\/?p=27169"},"modified":"2022-12-16T13:29:45","modified_gmt":"2022-12-16T12:29:45","slug":"salvador-de-espana-page-se-tiro-al-ruedomientras-yo-este-cataluna-no-sera-independiente","status":"publish","type":"post","link":"https:\/\/blogs.elcomercio.es\/reflexiones-de-belarmino\/2022\/12\/16\/salvador-de-espana-page-se-tiro-al-ruedomientras-yo-este-cataluna-no-sera-independiente\/","title":{"rendered":"\u00a1\u00a1\u00a1\u00a1SALVADOR DE ESPA\u00d1A, PAGE SE TIR\u00d3 AL RUEDO,&#8221;MIENTRAS YO EST\u00c9 CATALU\u00d1A NO SER\u00c1 INDEPENDIENTE&#8221; !!!"},"content":{"rendered":"<p><b>Una vez m\u00e1s le pudo al presidente\u00a0de Castilla La Mancha, el ser protagonista, el n\u00famero\u00a0uno, antes de la cena de Felipe con sus 48 ex ministros, en chamarra de cuero, listos para salvar a Espa\u00f1a.<\/b><\/p>\n<p><b>Sac\u00f3 el pecho don Emiliano, mir\u00f3 a las tribunas, &#8220;que se oiga claro y fuerte: mientras yo est\u00e9 Catalu\u00f1a no ser\u00e1\u00a0independiente &#8220;.<\/b><\/p>\n<p><b>De ese nivel son los socialistas moderados, incapaces de transformar\u00a0a fondo al pa\u00ecs que suced\u00eda a Franco, salen a las tribunas.<\/b><\/p>\n<p><b>Se\u00f1or Page, \u00bfde veras cree usted que cualquier\u00a0an\u00e1lisis\u00a0serio\u00a0se crea lo de la Independencia de Catalu\u00f1a?\u00a0<\/b><\/p>\n<p><b>Todos los que atacan a S\u00e1nchez, a Bola\u00f1os a Yolanda\u00a0 D\u00edaz, no hacen mas que el\u00a0 juego a la derecha y la extrema derecha, a trav\u00e9s de sus medios escritos, o cuando le ponen a prop\u00f3sito\u00a0un micr\u00f3fono.<\/b><\/p>\n<p>&nbsp;<\/p>\n<p>&nbsp;<\/p>\n<!-- AddThis Advanced Settings generic via filter on the_content --><!-- AddThis Share Buttons generic via filter on the_content -->","protected":false},"excerpt":{"rendered":"<p>Una vez m\u00e1s le pudo al presidente\u00a0de Castilla La Mancha, el ser protagonista, el n\u00famero\u00a0uno, antes de la cena de Felipe con sus 48 ex ministros, en chamarra de cuero, listos para salvar a Espa\u00f1a. Sac\u00f3 el pecho don Emiliano, mir\u00f3 a las tribunas, &#8220;que se oiga claro y fuerte: mientras yo est\u00e9 Catalu\u00f1a no [&hellip;]<!-- AddThis Advanced Settings generic via filter on get_the_excerpt --><!-- AddThis Share Buttons generic via filter on get_the_excerpt --><\/p>\n","protected":false},"author":16,"featured_media":0,"comment_status":"open","ping_status":"closed","sticky":false,"template":"","format":"standard","meta":[],"categories":[1],"tags":[],"_links":{"self":[{"href":"https:\/\/blogs.elcomercio.es\/reflexiones-de-belarmino\/wp-json\/wp\/v2\/posts\/27169"}],"collection":[{"href":"https:\/\/blogs.elcomercio.es\/reflexiones-de-belarmino\/wp-json\/wp\/v2\/posts"}],"about":[{"href":"https:\/\/blogs.elcomercio.es\/reflexiones-de-belarmino\/wp-json\/wp\/v2\/types\/post"}],"author":[{"embeddable":true,"href":"https:\/\/blogs.elcomercio.es\/reflexiones-de-belarmino\/wp-json\/wp\/v2\/users\/16"}],"replies":[{"embeddable":true,"href":"https:\/\/blogs.elcomercio.es\/reflexiones-de-belarmino\/wp-json\/wp\/v2\/comments?post=27169"}],"version-history":[{"count":1,"href":"https:\/\/blogs.elcomercio.es\/reflexiones-de-belarmino\/wp-json\/wp\/v2\/posts\/27169\/revisions"}],"predecessor-version":[{"id":27170,"href":"https:\/\/blogs.elcomercio.es\/reflexiones-de-belarmino\/wp-json\/wp\/v2\/posts\/27169\/revisions\/27170"}],"wp:attachment":[{"href":"https:\/\/blogs.elcomercio.es\/reflexiones-de-belarmino\/wp-json\/wp\/v2\/media?parent=27169"}],"wp:term":[{"taxonomy":"category","embeddable":true,"href":"https:\/\/blogs.elcomercio.es\/reflexiones-de-belarmino\/wp-json\/wp\/v2\/categories?post=27169"},{"taxonomy":"post_tag","embeddable":true,"href":"https:\/\/blogs.elcomercio.es\/reflexiones-de-belarmino\/wp-json\/wp\/v2\/tags?post=27169"}],"curies":[{"name":"wp","href":"https:\/\/api.w.org\/{rel}","templated":true}]}}