{"id":27171,"date":"2022-12-16T13:50:50","date_gmt":"2022-12-16T12:50:50","guid":{"rendered":"https:\/\/blogs.elcomercio.es\/reflexiones-de-belarmino\/?p=27171"},"modified":"2022-12-16T13:50:50","modified_gmt":"2022-12-16T12:50:50","slug":"la-realidad-recibio-a-carlos-iii-mas-fuerte-de-lo-que-esperaba","status":"publish","type":"post","link":"https:\/\/blogs.elcomercio.es\/reflexiones-de-belarmino\/2022\/12\/16\/la-realidad-recibio-a-carlos-iii-mas-fuerte-de-lo-que-esperaba\/","title":{"rendered":"\u00a1\u00a1\u00a1\u00a1\u00a1LA REALIDAD RECIBI\u00d3 A CARLOS III, M\u00c1S FUERTE DE LO QUE ESPERABA !!!"},"content":{"rendered":"<p><strong>Una inflaci\u00f3n del 14 %, la mayor subida de los intereses del Banco de Inglaterra en 33 a\u00f1os(3.5 %), dos primeros ministros, primera huelga en la historia de los m\u00e9dicos, un descontento social al alza, unos huevos contra \u00e9l en las calles, son algunas de las novedades que el primog\u00e9nito de Isabel II, ha recibido con su Camila a su lado.<\/strong><\/p>\n<p><b>Bueno, \u00bf quiz\u00e1s el f\u00fatbol?. Nada, los elimin\u00f3 Francia.<\/b><\/p>\n<p><b>Dif\u00edcil\u00a02023 lo espera, mientras su hijo juega su papel y el otro estar\u00e1 arrepentido de su salida con Megan\u00a0 no s\u00f3lo del pa\u00eds, sino de aquel status.<\/b><\/p>\n<p>&nbsp;<\/p>\n<!-- AddThis Advanced Settings generic via filter on the_content --><!-- AddThis Share Buttons generic via filter on the_content -->","protected":false},"excerpt":{"rendered":"<p>Una inflaci\u00f3n del 14 %, la mayor subida de los intereses del Banco de Inglaterra en 33 a\u00f1os(3.5 %), dos primeros ministros, primera huelga en la historia de los m\u00e9dicos, un descontento social al alza, unos huevos contra \u00e9l en las calles, son algunas de las novedades que el primog\u00e9nito de Isabel II, ha recibido [&hellip;]<!-- AddThis Advanced Settings generic via filter on get_the_excerpt --><!-- AddThis Share Buttons generic via filter on get_the_excerpt --><\/p>\n","protected":false},"author":16,"featured_media":0,"comment_status":"open","ping_status":"closed","sticky":false,"template":"","format":"standard","meta":[],"categories":[1],"tags":[],"_links":{"self":[{"href":"https:\/\/blogs.elcomercio.es\/reflexiones-de-belarmino\/wp-json\/wp\/v2\/posts\/27171"}],"collection":[{"href":"https:\/\/blogs.elcomercio.es\/reflexiones-de-belarmino\/wp-json\/wp\/v2\/posts"}],"about":[{"href":"https:\/\/blogs.elcomercio.es\/reflexiones-de-belarmino\/wp-json\/wp\/v2\/types\/post"}],"author":[{"embeddable":true,"href":"https:\/\/blogs.elcomercio.es\/reflexiones-de-belarmino\/wp-json\/wp\/v2\/users\/16"}],"replies":[{"embeddable":true,"href":"https:\/\/blogs.elcomercio.es\/reflexiones-de-belarmino\/wp-json\/wp\/v2\/comments?post=27171"}],"version-history":[{"count":1,"href":"https:\/\/blogs.elcomercio.es\/reflexiones-de-belarmino\/wp-json\/wp\/v2\/posts\/27171\/revisions"}],"predecessor-version":[{"id":27172,"href":"https:\/\/blogs.elcomercio.es\/reflexiones-de-belarmino\/wp-json\/wp\/v2\/posts\/27171\/revisions\/27172"}],"wp:attachment":[{"href":"https:\/\/blogs.elcomercio.es\/reflexiones-de-belarmino\/wp-json\/wp\/v2\/media?parent=27171"}],"wp:term":[{"taxonomy":"category","embeddable":true,"href":"https:\/\/blogs.elcomercio.es\/reflexiones-de-belarmino\/wp-json\/wp\/v2\/categories?post=27171"},{"taxonomy":"post_tag","embeddable":true,"href":"https:\/\/blogs.elcomercio.es\/reflexiones-de-belarmino\/wp-json\/wp\/v2\/tags?post=27171"}],"curies":[{"name":"wp","href":"https:\/\/api.w.org\/{rel}","templated":true}]}}