{"id":27197,"date":"2022-12-17T12:08:01","date_gmt":"2022-12-17T11:08:01","guid":{"rendered":"https:\/\/blogs.elcomercio.es\/reflexiones-de-belarmino\/?p=27197"},"modified":"2022-12-17T12:08:01","modified_gmt":"2022-12-17T11:08:01","slug":"en-mexico-el-cartel-nuevas-generaciones-impulsado-por-pena-nietohoy-en-su-exilio-dorado-en-madrid-secuestra-a-un-coronel-del-ejercito","status":"publish","type":"post","link":"https:\/\/blogs.elcomercio.es\/reflexiones-de-belarmino\/2022\/12\/17\/en-mexico-el-cartel-nuevas-generaciones-impulsado-por-pena-nietohoy-en-su-exilio-dorado-en-madrid-secuestra-a-un-coronel-del-ejercito\/","title":{"rendered":"\u00a1\u00a1\u00a1EN MEXICO EL CARTEL NUEVAS GENERACIONES, IMPULSADO POR PE\u00d1A NIETO,HOY EN SU EXILIO DORADO EN MADRID, SECUESTRA A UN CORONEL DEL EJERCITO !!!"},"content":{"rendered":"<p><b>Pe\u00f1a Nieto, ex presidente, super\u00f3 a Felipe Calder\u00f3n\u00a0en n\u00famero\u00a0de muertos\u00a0en su sexenio: 155,000 de Pe\u00f1a y 100,000 de\u00a0Calder\u00f3n.Ambos, con Salinas de Gortari gozando la residencia en Espa\u00f1a, mientras ayer el Cartel ligado a Pe\u00f1a, el Jalisco Nuevas Generaciones, secuestr\u00f3 al coronel del\u00a0ejercito Jos\u00e9 Isidro Grimaldo, e intent\u00f3\u00a0matar\u00a0a un periodista Ciro G\u00f3mez\u00a0Leyva, uno de los cr\u00edticos\u00a0al gobierno de L\u00f3pez Obrador,para que pareciese un intento\u00a0gubernamental.<\/b><\/p>\n<p><b>\u00bf Recuerda\u00a0usted aquellas escenas de muertos\u00a0de Ju\u00e1rez, de Sinaloa, de Tamaulipas, MIchoac\u00e1n, Zacatecas?,\u00bf Recuerda aquellas escenas de colgados en los puentes, enterrados vivos en cal viva y todos los horrores que se sab\u00eda\u00a0de M\u00e9xico?.<\/b><\/p>\n<p><strong>Pues a lo ex presidentes que se aliaron con ellos, los tenemos tranquilamente comiendo en Madrid.Felipe Calder\u00f3n, el m\u00e1s cercano al Partido Popular, el del Cartel del Golfo, lo tiene en n\u00f3mina Aznar en FAES para darle la residencia, como antes lo tuvo Iberdrola en su n\u00f3mina al terminar.<\/strong><\/p>\n<p>&nbsp;<\/p>\n<!-- AddThis Advanced Settings generic via filter on the_content --><!-- AddThis Share Buttons generic via filter on the_content -->","protected":false},"excerpt":{"rendered":"<p>Pe\u00f1a Nieto, ex presidente, super\u00f3 a Felipe Calder\u00f3n\u00a0en n\u00famero\u00a0de muertos\u00a0en su sexenio: 155,000 de Pe\u00f1a y 100,000 de\u00a0Calder\u00f3n.Ambos, con Salinas de Gortari gozando la residencia en Espa\u00f1a, mientras ayer el Cartel ligado a Pe\u00f1a, el Jalisco Nuevas Generaciones, secuestr\u00f3 al coronel del\u00a0ejercito Jos\u00e9 Isidro Grimaldo, e intent\u00f3\u00a0matar\u00a0a un periodista Ciro G\u00f3mez\u00a0Leyva, uno de los cr\u00edticos\u00a0al [&hellip;]<!-- AddThis Advanced Settings generic via filter on get_the_excerpt --><!-- AddThis Share Buttons generic via filter on get_the_excerpt --><\/p>\n","protected":false},"author":16,"featured_media":0,"comment_status":"open","ping_status":"closed","sticky":false,"template":"","format":"standard","meta":[],"categories":[1],"tags":[],"_links":{"self":[{"href":"https:\/\/blogs.elcomercio.es\/reflexiones-de-belarmino\/wp-json\/wp\/v2\/posts\/27197"}],"collection":[{"href":"https:\/\/blogs.elcomercio.es\/reflexiones-de-belarmino\/wp-json\/wp\/v2\/posts"}],"about":[{"href":"https:\/\/blogs.elcomercio.es\/reflexiones-de-belarmino\/wp-json\/wp\/v2\/types\/post"}],"author":[{"embeddable":true,"href":"https:\/\/blogs.elcomercio.es\/reflexiones-de-belarmino\/wp-json\/wp\/v2\/users\/16"}],"replies":[{"embeddable":true,"href":"https:\/\/blogs.elcomercio.es\/reflexiones-de-belarmino\/wp-json\/wp\/v2\/comments?post=27197"}],"version-history":[{"count":3,"href":"https:\/\/blogs.elcomercio.es\/reflexiones-de-belarmino\/wp-json\/wp\/v2\/posts\/27197\/revisions"}],"predecessor-version":[{"id":27200,"href":"https:\/\/blogs.elcomercio.es\/reflexiones-de-belarmino\/wp-json\/wp\/v2\/posts\/27197\/revisions\/27200"}],"wp:attachment":[{"href":"https:\/\/blogs.elcomercio.es\/reflexiones-de-belarmino\/wp-json\/wp\/v2\/media?parent=27197"}],"wp:term":[{"taxonomy":"category","embeddable":true,"href":"https:\/\/blogs.elcomercio.es\/reflexiones-de-belarmino\/wp-json\/wp\/v2\/categories?post=27197"},{"taxonomy":"post_tag","embeddable":true,"href":"https:\/\/blogs.elcomercio.es\/reflexiones-de-belarmino\/wp-json\/wp\/v2\/tags?post=27197"}],"curies":[{"name":"wp","href":"https:\/\/api.w.org\/{rel}","templated":true}]}}