{"id":27248,"date":"2022-12-19T17:19:18","date_gmt":"2022-12-19T16:19:18","guid":{"rendered":"https:\/\/blogs.elcomercio.es\/reflexiones-de-belarmino\/?p=27248"},"modified":"2022-12-19T17:19:18","modified_gmt":"2022-12-19T16:19:18","slug":"la-llegada-de-putin-a-minsk-el-abrazo-a-lukashenko-la-foto","status":"publish","type":"post","link":"https:\/\/blogs.elcomercio.es\/reflexiones-de-belarmino\/2022\/12\/19\/la-llegada-de-putin-a-minsk-el-abrazo-a-lukashenko-la-foto\/","title":{"rendered":"\u00a1\u00a1\u00a1\u00a1LA LLEGADA DE PUTIN A MINSK, EL ABRAZO A LUKASHENKO.- LA FOTO !!!"},"content":{"rendered":"<p><b>Una foto vale m\u00e1s que mis palabras. Vladimir Putin, recibido en el Aeropuerto de Minsk, la capital de Bielorrusia,por el presidente Lukashenko a pie del avi\u00f3n, baja \u00e1gil, al final con\u00a0 2 escalones de golpe, sonriente, es\u00a0recibido por dos bellas bielorrusas ,una con un detalle para saborear, y la otra con una ramo de rosas.<\/b><\/p>\n<p><b>2 metros atr\u00e1s, Lukashenko, con su cara adusta, bigote, cuadrado en su constituci\u00f3n f\u00edsica. Putin da la gracias a las dos mujeres, y en plena forma, delgado, sonriente, relajado, va comiendo\u00a0su &#8220;pistache&#8221; y abraza a su hom\u00f3logo como si de &#8220;su compadre&#8221; fuera.<\/b><\/p>\n<p><b>Ese hombre que seg\u00fan la &#8220;inteligencia brit\u00e1nica&#8221; estar\u00eda a punto de morir hace meses, enfermo de gravedad, apareci\u00f3 en la\u00a0mejor form que recuerdo.<\/b><\/p>\n<p><b>El&#8221; Tigre \u00c1gil\u00a0, Silencioso y Astuto&#8221;\u00a0 que vi, no me gustar\u00eda tenerlo como enemigo<\/b><\/p>\n<p>&nbsp;<\/p>\n<p>&nbsp;<\/p>\n<!-- AddThis Advanced Settings generic via filter on the_content --><!-- AddThis Share Buttons generic via filter on the_content -->","protected":false},"excerpt":{"rendered":"<p>Una foto vale m\u00e1s que mis palabras. Vladimir Putin, recibido en el Aeropuerto de Minsk, la capital de Bielorrusia,por el presidente Lukashenko a pie del avi\u00f3n, baja \u00e1gil, al final con\u00a0 2 escalones de golpe, sonriente, es\u00a0recibido por dos bellas bielorrusas ,una con un detalle para saborear, y la otra con una ramo de rosas. [&hellip;]<!-- AddThis Advanced Settings generic via filter on get_the_excerpt --><!-- AddThis Share Buttons generic via filter on get_the_excerpt --><\/p>\n","protected":false},"author":16,"featured_media":0,"comment_status":"open","ping_status":"closed","sticky":false,"template":"","format":"standard","meta":[],"categories":[1],"tags":[],"_links":{"self":[{"href":"https:\/\/blogs.elcomercio.es\/reflexiones-de-belarmino\/wp-json\/wp\/v2\/posts\/27248"}],"collection":[{"href":"https:\/\/blogs.elcomercio.es\/reflexiones-de-belarmino\/wp-json\/wp\/v2\/posts"}],"about":[{"href":"https:\/\/blogs.elcomercio.es\/reflexiones-de-belarmino\/wp-json\/wp\/v2\/types\/post"}],"author":[{"embeddable":true,"href":"https:\/\/blogs.elcomercio.es\/reflexiones-de-belarmino\/wp-json\/wp\/v2\/users\/16"}],"replies":[{"embeddable":true,"href":"https:\/\/blogs.elcomercio.es\/reflexiones-de-belarmino\/wp-json\/wp\/v2\/comments?post=27248"}],"version-history":[{"count":1,"href":"https:\/\/blogs.elcomercio.es\/reflexiones-de-belarmino\/wp-json\/wp\/v2\/posts\/27248\/revisions"}],"predecessor-version":[{"id":27249,"href":"https:\/\/blogs.elcomercio.es\/reflexiones-de-belarmino\/wp-json\/wp\/v2\/posts\/27248\/revisions\/27249"}],"wp:attachment":[{"href":"https:\/\/blogs.elcomercio.es\/reflexiones-de-belarmino\/wp-json\/wp\/v2\/media?parent=27248"}],"wp:term":[{"taxonomy":"category","embeddable":true,"href":"https:\/\/blogs.elcomercio.es\/reflexiones-de-belarmino\/wp-json\/wp\/v2\/categories?post=27248"},{"taxonomy":"post_tag","embeddable":true,"href":"https:\/\/blogs.elcomercio.es\/reflexiones-de-belarmino\/wp-json\/wp\/v2\/tags?post=27248"}],"curies":[{"name":"wp","href":"https:\/\/api.w.org\/{rel}","templated":true}]}}