{"id":27351,"date":"2022-12-24T11:06:06","date_gmt":"2022-12-24T10:06:06","guid":{"rendered":"https:\/\/blogs.elcomercio.es\/reflexiones-de-belarmino\/?p=27351"},"modified":"2022-12-24T11:06:06","modified_gmt":"2022-12-24T10:06:06","slug":"espana-lider-en-europa-en-pib-menor-inflacion-y-aumenta-en-el-17-la-recaudacion","status":"publish","type":"post","link":"https:\/\/blogs.elcomercio.es\/reflexiones-de-belarmino\/2022\/12\/24\/espana-lider-en-europa-en-pib-menor-inflacion-y-aumenta-en-el-17-la-recaudacion\/","title":{"rendered":"\u00a1\u00a1\u00a1ESPA\u00d1A LIDER EN EUROPA EN PIB, MENOR INFLACI\u00d3N Y AUMENTA EN EL 17 % LA RECAUDACI\u00d3N !!!"},"content":{"rendered":"<p><b>Mientras toda Europa est\u00e1 en crisis, los Estados Unidos en recesi\u00f3n, Espa\u00f1a tiene la mayor subida del PIB, la menor inflaci\u00f3n\u00a0de la Uni\u00f3n Europea y ha superado el r\u00e9cord\u00a0de recaudaci\u00f3n un 17 %.\u00bf Que estamos\u00a0en la gloria?\u00bfno!, pero el gobierno de coalici\u00f3n ha logrado que dejemos atr\u00e1s a Alemania, Francia, el Reino Unido y no digamos Italia.<\/b><\/p>\n<p><b>\u00bf Se imagina usted lo que podr\u00edamos\u00a0hacer sin las r\u00e9moras del pasado?.<\/b><\/p>\n<p><b>En 2024, habremos acabado con la ficci\u00f3n de la Transici\u00f3n Gatopardista y logramos\u00a0que por lo menos una generaci\u00f3n viviera en libertad, conocedora\u00a0de su pasado y con confianza en su futuro.<\/b><\/p>\n<p><strong>Son procesos. Acabo de vivir uno en M\u00e9xico y espero vivir para verlo en Espa\u00f1a.<\/strong><\/p>\n<!-- AddThis Advanced Settings generic via filter on the_content --><!-- AddThis Share Buttons generic via filter on the_content -->","protected":false},"excerpt":{"rendered":"<p>Mientras toda Europa est\u00e1 en crisis, los Estados Unidos en recesi\u00f3n, Espa\u00f1a tiene la mayor subida del PIB, la menor inflaci\u00f3n\u00a0de la Uni\u00f3n Europea y ha superado el r\u00e9cord\u00a0de recaudaci\u00f3n un 17 %.\u00bf Que estamos\u00a0en la gloria?\u00bfno!, pero el gobierno de coalici\u00f3n ha logrado que dejemos atr\u00e1s a Alemania, Francia, el Reino Unido y no [&hellip;]<!-- AddThis Advanced Settings generic via filter on get_the_excerpt --><!-- AddThis Share Buttons generic via filter on get_the_excerpt --><\/p>\n","protected":false},"author":16,"featured_media":0,"comment_status":"open","ping_status":"closed","sticky":false,"template":"","format":"standard","meta":[],"categories":[1],"tags":[],"_links":{"self":[{"href":"https:\/\/blogs.elcomercio.es\/reflexiones-de-belarmino\/wp-json\/wp\/v2\/posts\/27351"}],"collection":[{"href":"https:\/\/blogs.elcomercio.es\/reflexiones-de-belarmino\/wp-json\/wp\/v2\/posts"}],"about":[{"href":"https:\/\/blogs.elcomercio.es\/reflexiones-de-belarmino\/wp-json\/wp\/v2\/types\/post"}],"author":[{"embeddable":true,"href":"https:\/\/blogs.elcomercio.es\/reflexiones-de-belarmino\/wp-json\/wp\/v2\/users\/16"}],"replies":[{"embeddable":true,"href":"https:\/\/blogs.elcomercio.es\/reflexiones-de-belarmino\/wp-json\/wp\/v2\/comments?post=27351"}],"version-history":[{"count":1,"href":"https:\/\/blogs.elcomercio.es\/reflexiones-de-belarmino\/wp-json\/wp\/v2\/posts\/27351\/revisions"}],"predecessor-version":[{"id":27352,"href":"https:\/\/blogs.elcomercio.es\/reflexiones-de-belarmino\/wp-json\/wp\/v2\/posts\/27351\/revisions\/27352"}],"wp:attachment":[{"href":"https:\/\/blogs.elcomercio.es\/reflexiones-de-belarmino\/wp-json\/wp\/v2\/media?parent=27351"}],"wp:term":[{"taxonomy":"category","embeddable":true,"href":"https:\/\/blogs.elcomercio.es\/reflexiones-de-belarmino\/wp-json\/wp\/v2\/categories?post=27351"},{"taxonomy":"post_tag","embeddable":true,"href":"https:\/\/blogs.elcomercio.es\/reflexiones-de-belarmino\/wp-json\/wp\/v2\/tags?post=27351"}],"curies":[{"name":"wp","href":"https:\/\/api.w.org\/{rel}","templated":true}]}}