{"id":27513,"date":"2022-12-30T17:01:54","date_gmt":"2022-12-30T16:01:54","guid":{"rendered":"https:\/\/blogs.elcomercio.es\/reflexiones-de-belarmino\/?p=27513"},"modified":"2022-12-30T17:01:54","modified_gmt":"2022-12-30T16:01:54","slug":"lula-es-una-bendicion-para-el-pueblo-de-brasillopez-obrador","status":"publish","type":"post","link":"https:\/\/blogs.elcomercio.es\/reflexiones-de-belarmino\/2022\/12\/30\/lula-es-una-bendicion-para-el-pueblo-de-brasillopez-obrador\/","title":{"rendered":"\u00a1\u00a1\u00a1\u00a1&#8221;LULA ES UNA BENDICI\u00d3N PARA EL PUEBLO DE BRASIL&#8221;:L\u00d3PEZ OBRADOR !!!"},"content":{"rendered":"<p><b>En su Ma\u00f1anera, el presidente mexicano que no sale casi\u00a0 del pa\u00eds\u00a0 y env\u00eda a su esposa a la toma de posesi\u00f3n\u00a0del d\u00eda 1 de enero en Brasilia, amigo muy cercano de \u00e9l\u00a0 , dijo ayer: &#8221; Es una bendici\u00f3n para el pueblo de\u00a0Brasil que su presidente sea LULA.&#8221;.<\/b><\/p>\n<p><b>Mientras Jair Bolsonaro, ya est\u00e1 en los Estados Unidos para evitar tener que entregarle la banda presidencial al obrero siderometal\u00fargico\u00a0.<\/b><\/p>\n<p><strong>Como Trump, intent\u00f3 impedirlo, pero Estados Unidos di\u00f3 la orden , y punto final&#8230;.por ahora.<\/strong><\/p>\n<!-- AddThis Advanced Settings generic via filter on the_content --><!-- AddThis Share Buttons generic via filter on the_content -->","protected":false},"excerpt":{"rendered":"<p>En su Ma\u00f1anera, el presidente mexicano que no sale casi\u00a0 del pa\u00eds\u00a0 y env\u00eda a su esposa a la toma de posesi\u00f3n\u00a0del d\u00eda 1 de enero en Brasilia, amigo muy cercano de \u00e9l\u00a0 , dijo ayer: &#8221; Es una bendici\u00f3n para el pueblo de\u00a0Brasil que su presidente sea LULA.&#8221;. Mientras Jair Bolsonaro, ya est\u00e1 en [&hellip;]<!-- AddThis Advanced Settings generic via filter on get_the_excerpt --><!-- AddThis Share Buttons generic via filter on get_the_excerpt --><\/p>\n","protected":false},"author":16,"featured_media":0,"comment_status":"open","ping_status":"closed","sticky":false,"template":"","format":"standard","meta":[],"categories":[1],"tags":[],"_links":{"self":[{"href":"https:\/\/blogs.elcomercio.es\/reflexiones-de-belarmino\/wp-json\/wp\/v2\/posts\/27513"}],"collection":[{"href":"https:\/\/blogs.elcomercio.es\/reflexiones-de-belarmino\/wp-json\/wp\/v2\/posts"}],"about":[{"href":"https:\/\/blogs.elcomercio.es\/reflexiones-de-belarmino\/wp-json\/wp\/v2\/types\/post"}],"author":[{"embeddable":true,"href":"https:\/\/blogs.elcomercio.es\/reflexiones-de-belarmino\/wp-json\/wp\/v2\/users\/16"}],"replies":[{"embeddable":true,"href":"https:\/\/blogs.elcomercio.es\/reflexiones-de-belarmino\/wp-json\/wp\/v2\/comments?post=27513"}],"version-history":[{"count":1,"href":"https:\/\/blogs.elcomercio.es\/reflexiones-de-belarmino\/wp-json\/wp\/v2\/posts\/27513\/revisions"}],"predecessor-version":[{"id":27514,"href":"https:\/\/blogs.elcomercio.es\/reflexiones-de-belarmino\/wp-json\/wp\/v2\/posts\/27513\/revisions\/27514"}],"wp:attachment":[{"href":"https:\/\/blogs.elcomercio.es\/reflexiones-de-belarmino\/wp-json\/wp\/v2\/media?parent=27513"}],"wp:term":[{"taxonomy":"category","embeddable":true,"href":"https:\/\/blogs.elcomercio.es\/reflexiones-de-belarmino\/wp-json\/wp\/v2\/categories?post=27513"},{"taxonomy":"post_tag","embeddable":true,"href":"https:\/\/blogs.elcomercio.es\/reflexiones-de-belarmino\/wp-json\/wp\/v2\/tags?post=27513"}],"curies":[{"name":"wp","href":"https:\/\/api.w.org\/{rel}","templated":true}]}}