{"id":27860,"date":"2023-01-14T10:29:16","date_gmt":"2023-01-14T09:29:16","guid":{"rendered":"https:\/\/blogs.elcomercio.es\/reflexiones-de-belarmino\/?p=27860"},"modified":"2023-01-14T10:29:16","modified_gmt":"2023-01-14T09:29:16","slug":"el-alto-al-fuego-en-ucrania-puede-estar-mas-cerca-de-lo-que-se-espera","status":"publish","type":"post","link":"https:\/\/blogs.elcomercio.es\/reflexiones-de-belarmino\/2023\/01\/14\/el-alto-al-fuego-en-ucrania-puede-estar-mas-cerca-de-lo-que-se-espera\/","title":{"rendered":"\u00a1\u00a1\u00a1\u00a1\u00a1EL ALTO AL FUEGO EN UCRANIA PUEDE ESTAR M\u00c1S CERCA DE LO QUE SE ESPERA !!!"},"content":{"rendered":"<p><b>Si Rusia consolida en Majmud\u00a0 en\u00a0 el Donbass, habr\u00e1 cumplido la meta inicial: Fronteras seguras en el Donbass, CRimea, Mar de Azov, Mariupol, Jerson y Zaporiyia, han sido para este observador las metas desde un principio.<\/b><\/p>\n<p><b>Ucrania mantiene las 3 grandes ciudades Kiev, Jarkov y Odessa y todo el Oeste del r\u00edo Dnieper.<\/b><\/p>\n<p><b>Para cumplir el acuerdo entre Bush padre y Gorbachov, roto por Obama, han debido de pasar a\u00f1os, una invasi\u00f3n que hay costado miles de muertos, millones de exiliados, que ha puesto &#8220;patas pa arriba&#8221; a la econom\u00eda\u00a0mundial,con una crisis\u00a0energ\u00e9tica, donde finalmente Rusia se ha defendido econ\u00f3micamente\u00a0, EE:UU, ha hecho el gran negocio armamentista y petrolero.<\/b><\/p>\n<p><b>Los miles de millones de d\u00f3lares que est\u00e1n en Ucrania, sin control, van a servir, como en Iraq,\u00a0 para reconstruir Ucrania, por supuesto por parte de los Estados Unidos.<\/b><\/p>\n<p><b>Cuando toda la polvareda se haya ido se podr\u00e1 analizar, como en Iraq, la realidad. All\u00ed Bush hijo y Tony Blair ya pidieron disculpas pero el se\u00f1or Aznar, ni p\u00edo.<\/b><\/p>\n<p><strong>Resultado. Hemos pasado de un mundo polar a uno multipolar, de donde surgir\u00e1n instituciones nuevas, que sustituir\u00e1n las de Bretton Woods, entre ellas la nueva ONU, que ser\u00e1 ele foro para el Cambio Clim\u00e1tico<\/strong><\/p>\n<!-- AddThis Advanced Settings generic via filter on the_content --><!-- AddThis Share Buttons generic via filter on the_content -->","protected":false},"excerpt":{"rendered":"<p>Si Rusia consolida en Majmud\u00a0 en\u00a0 el Donbass, habr\u00e1 cumplido la meta inicial: Fronteras seguras en el Donbass, CRimea, Mar de Azov, Mariupol, Jerson y Zaporiyia, han sido para este observador las metas desde un principio. Ucrania mantiene las 3 grandes ciudades Kiev, Jarkov y Odessa y todo el Oeste del r\u00edo Dnieper. Para cumplir [&hellip;]<!-- AddThis Advanced Settings generic via filter on get_the_excerpt --><!-- AddThis Share Buttons generic via filter on get_the_excerpt --><\/p>\n","protected":false},"author":16,"featured_media":0,"comment_status":"open","ping_status":"closed","sticky":false,"template":"","format":"standard","meta":[],"categories":[1],"tags":[],"_links":{"self":[{"href":"https:\/\/blogs.elcomercio.es\/reflexiones-de-belarmino\/wp-json\/wp\/v2\/posts\/27860"}],"collection":[{"href":"https:\/\/blogs.elcomercio.es\/reflexiones-de-belarmino\/wp-json\/wp\/v2\/posts"}],"about":[{"href":"https:\/\/blogs.elcomercio.es\/reflexiones-de-belarmino\/wp-json\/wp\/v2\/types\/post"}],"author":[{"embeddable":true,"href":"https:\/\/blogs.elcomercio.es\/reflexiones-de-belarmino\/wp-json\/wp\/v2\/users\/16"}],"replies":[{"embeddable":true,"href":"https:\/\/blogs.elcomercio.es\/reflexiones-de-belarmino\/wp-json\/wp\/v2\/comments?post=27860"}],"version-history":[{"count":1,"href":"https:\/\/blogs.elcomercio.es\/reflexiones-de-belarmino\/wp-json\/wp\/v2\/posts\/27860\/revisions"}],"predecessor-version":[{"id":27861,"href":"https:\/\/blogs.elcomercio.es\/reflexiones-de-belarmino\/wp-json\/wp\/v2\/posts\/27860\/revisions\/27861"}],"wp:attachment":[{"href":"https:\/\/blogs.elcomercio.es\/reflexiones-de-belarmino\/wp-json\/wp\/v2\/media?parent=27860"}],"wp:term":[{"taxonomy":"category","embeddable":true,"href":"https:\/\/blogs.elcomercio.es\/reflexiones-de-belarmino\/wp-json\/wp\/v2\/categories?post=27860"},{"taxonomy":"post_tag","embeddable":true,"href":"https:\/\/blogs.elcomercio.es\/reflexiones-de-belarmino\/wp-json\/wp\/v2\/tags?post=27860"}],"curies":[{"name":"wp","href":"https:\/\/api.w.org\/{rel}","templated":true}]}}