{"id":27862,"date":"2023-01-14T11:25:26","date_gmt":"2023-01-14T10:25:26","guid":{"rendered":"https:\/\/blogs.elcomercio.es\/reflexiones-de-belarmino\/?p=27862"},"modified":"2023-01-14T11:25:26","modified_gmt":"2023-01-14T10:25:26","slug":"para-ser-lider-hay-que-tener-principios","status":"publish","type":"post","link":"https:\/\/blogs.elcomercio.es\/reflexiones-de-belarmino\/2023\/01\/14\/para-ser-lider-hay-que-tener-principios\/","title":{"rendered":"\u00a1\u00a1\u00a1\u00a1\u00a1\u00a1PARA SER L\u00cdDER, HAY QUE TENER PRINCIPIOS !!!"},"content":{"rendered":"<p><b>El se\u00f1or Ricardo Garcia Berdejo deseaba\u00a0ser\u00a0gobernador de Coahuila, y ante el ofrecimiento de la Secretar\u00eda\u00a0de Seguridad P\u00fablica, hace 4 a\u00f1os,\u00a0 de ser subsecretario, acept\u00f3 la invitaci\u00f3n. &#8220;Oye, pero vas a tener que estar todos los lunes\u00a0 a las\u00a0 7 de la ma\u00f1ana,en La Ma\u00f1anera, para dar la informaci\u00f3n\u00a0del avance\u00a0contra la inseguridad&#8221;. Hombre pens\u00f3 ante si mismo: &#8220;Todas las semanas en televisi\u00f3n, con el Presidente de la Rep\u00fablica.Bien vale la pena el esfuerzo&#8221;.<\/b><\/p>\n<p><b>Y pasaron 1,200 ma\u00f1aneras y todos los lunes aparec\u00eda el hombre explicando los avances, los problemas, los narcos detenidos. Era un habitual\u00a0de los que seguimos\u00a0las Ma\u00f1aneras..<\/b><\/p>\n<p><strong>&#8221; Cada vez falta menos, aguanta Ricardo. Cuando seas gobernador del importante estado de Coahuila, repondr\u00e1s el sue\u00f1o&#8221; se dec\u00eda a si mismo<\/strong><\/p>\n<p><b>Pero en MORENA, los candidatos para todos los puestos p\u00fablicos, y por supuesto para la presidencia, se necesita la criba del pueblo: Las consultas populares, una serie de encuestas por todo el territorio\u00a0que se quiere gobernar, de tal forma que reflejen la voluntad del actor principal: el pueblo:<\/b><\/p>\n<p><b>Y para sorpresa\u00a0de Don Ricardo, no gana las encuestas. El pueblo elije, con mucho a Ricardo Guadiana un hombre sencillo de mediana edad y con cara de bonach\u00f3n, que toda su vida luch\u00f3 por su estado.<\/b><\/p>\n<p><b>El coraje de quien no entendi\u00f3 que el pa\u00eds ha cambiado, fue monumental. Dej\u00f3 de asistir a dos sesiones,hasta que L\u00f3pez Obrador felicita como el triunfador de las encuestas a Ricardo Guadiana, y deja claro: &#8221; Si Ricardo, no acepta la voluntad de la gente Morena no lo va a apoyar y dejar\u00e1\u00a0de ser subsecretario de Seguridad P\u00fablica.&#8221;<\/b><\/p>\n<p><b>Garc\u00eda Berdejo, mostr\u00f3 el cobre, y se lanz\u00f3 como candidato\u00a0por otro partido peque\u00f1o a gobernador de Coahuila.<\/b><\/p>\n<p><b>Y balconeado\u00a0por todos los periodistas que lo ve\u00edan defender la Nueva Transformaci\u00f3n, se lanz\u00f3 a la aventura, dej\u00f3 de ser subsecretario de Seguridad P\u00fablica.<\/b><\/p>\n<p><b>L\u00f3pez Obrador, mostr\u00f3 que para ser lider hay que ser consecuente con los principios\u00a0y la vida sigue.<\/b><\/p>\n<p><b>Tras tener 23 de los 32 estados MORENA, tiene por delante en mayo: Estado de M\u00e9xico y Coahuila.<\/b><\/p>\n<p><b>El Estado de M\u00e9xico, por 60 a\u00f1os en manos del PRI, va a ser la vara de medir. Una maestra es la candidata del MORENA, el PT, y el PVEM, mientras que el PRI, PAN y el PRD, buscan a una candidata.<\/b><\/p>\n<p>&nbsp;<\/p>\n<p>&nbsp;<\/p>\n<p>&nbsp;<\/p>\n<p>&nbsp;<\/p>\n<!-- AddThis Advanced Settings generic via filter on the_content --><!-- AddThis Share Buttons generic via filter on the_content -->","protected":false},"excerpt":{"rendered":"<p>El se\u00f1or Ricardo Garcia Berdejo deseaba\u00a0ser\u00a0gobernador de Coahuila, y ante el ofrecimiento de la Secretar\u00eda\u00a0de Seguridad P\u00fablica, hace 4 a\u00f1os,\u00a0 de ser subsecretario, acept\u00f3 la invitaci\u00f3n. &#8220;Oye, pero vas a tener que estar todos los lunes\u00a0 a las\u00a0 7 de la ma\u00f1ana,en La Ma\u00f1anera, para dar la informaci\u00f3n\u00a0del avance\u00a0contra la inseguridad&#8221;. Hombre pens\u00f3 ante si [&hellip;]<!-- AddThis Advanced Settings generic via filter on get_the_excerpt --><!-- AddThis Share Buttons generic via filter on get_the_excerpt --><\/p>\n","protected":false},"author":16,"featured_media":0,"comment_status":"open","ping_status":"closed","sticky":false,"template":"","format":"standard","meta":[],"categories":[1],"tags":[],"_links":{"self":[{"href":"https:\/\/blogs.elcomercio.es\/reflexiones-de-belarmino\/wp-json\/wp\/v2\/posts\/27862"}],"collection":[{"href":"https:\/\/blogs.elcomercio.es\/reflexiones-de-belarmino\/wp-json\/wp\/v2\/posts"}],"about":[{"href":"https:\/\/blogs.elcomercio.es\/reflexiones-de-belarmino\/wp-json\/wp\/v2\/types\/post"}],"author":[{"embeddable":true,"href":"https:\/\/blogs.elcomercio.es\/reflexiones-de-belarmino\/wp-json\/wp\/v2\/users\/16"}],"replies":[{"embeddable":true,"href":"https:\/\/blogs.elcomercio.es\/reflexiones-de-belarmino\/wp-json\/wp\/v2\/comments?post=27862"}],"version-history":[{"count":2,"href":"https:\/\/blogs.elcomercio.es\/reflexiones-de-belarmino\/wp-json\/wp\/v2\/posts\/27862\/revisions"}],"predecessor-version":[{"id":27864,"href":"https:\/\/blogs.elcomercio.es\/reflexiones-de-belarmino\/wp-json\/wp\/v2\/posts\/27862\/revisions\/27864"}],"wp:attachment":[{"href":"https:\/\/blogs.elcomercio.es\/reflexiones-de-belarmino\/wp-json\/wp\/v2\/media?parent=27862"}],"wp:term":[{"taxonomy":"category","embeddable":true,"href":"https:\/\/blogs.elcomercio.es\/reflexiones-de-belarmino\/wp-json\/wp\/v2\/categories?post=27862"},{"taxonomy":"post_tag","embeddable":true,"href":"https:\/\/blogs.elcomercio.es\/reflexiones-de-belarmino\/wp-json\/wp\/v2\/tags?post=27862"}],"curies":[{"name":"wp","href":"https:\/\/api.w.org\/{rel}","templated":true}]}}