{"id":28000,"date":"2023-01-21T19:18:59","date_gmt":"2023-01-21T18:18:59","guid":{"rendered":"https:\/\/blogs.elcomercio.es\/reflexiones-de-belarmino\/?p=28000"},"modified":"2023-01-21T19:18:59","modified_gmt":"2023-01-21T18:18:59","slug":"110000-de-todo-el-pais-de-la-derecha-y-extrema-derecha-salen-a-defender-a-la-patria-del-plan-oculto-de-sanchez","status":"publish","type":"post","link":"https:\/\/blogs.elcomercio.es\/reflexiones-de-belarmino\/2023\/01\/21\/110000-de-todo-el-pais-de-la-derecha-y-extrema-derecha-salen-a-defender-a-la-patria-del-plan-oculto-de-sanchez\/","title":{"rendered":"\u00a1\u00a1\u00a1\u00a1110,000 DE TODO EL PAIS DE LA DERECHA Y EXTREMA DERECHA, SALEN A DEFENDER A LA PATRIA DEL PLAN OCULTO DE SANCHEZ !!!"},"content":{"rendered":"<p><b>Con todo su derecho, movilizando todas sus fuerzas de todo el pa\u00eds, Vox, PP, Arrimadas y nost\u00e1lgicos\u00a0del franquismo, han reunido unas 110,000 personas en Cibeles. Salieron contra &#8221; El Plan Oculto del gobierno para mutar la Constituci\u00f3n y aliarse para acabar con Espa\u00f1a.&#8221;<\/b><\/p>\n<p><b>Por supuesto que s\u00ed\u00a0hay un proceso\u00a0pol\u00edtico, claro, NO OCULTO para dar un giro acabar con las transici\u00f3n gatopardista y entrar a una nueva etapa de la historia de Espa\u00f1a. Las mayor\u00eda sociales luchan por ello y lo que no lograron los primeros 25 a\u00f1os de la Transici\u00f3n, ahora vamos por ella. Y est\u00e1n\u00a0furiosos, desde Vidal Cuadras aquel casi fundador de Vox, Abascal y sus gentes, la se\u00f1ora Arrimadas tratando de\u00a0 salir en sus \u00faltimas fotos y un sector de la sociedad que existe realmente.<\/b><\/p>\n<p><strong>El problema es su concepci\u00f3n, sus palabras: &#8221; Plan Oculto para mutar la Constituci\u00f3n&#8221;, &#8220;acabar con Espa\u00f1a&#8221;, pero existen tienes piensan as\u00ed, y tienen derecho de salir a las calles.<\/strong><\/p>\n<p><strong>Veremos que dice el pueblo espa\u00f1ol el 28 de junio.<\/strong><\/p>\n<p><strong>&#8220;Fuera Sanchez&#8221;,&#8221;Sanchez&#8221;,&#8221;Sanchez&#8221; de a diario por algo les preocupa tanto. Por que saben, que POR PRIMERA VEZ DESDE 1979, va a haber un cambio institucional en Espa\u00f1a.<\/strong><\/p>\n<p>&nbsp;<\/p>\n<p>&nbsp;<\/p>\n<!-- AddThis Advanced Settings generic via filter on the_content --><!-- AddThis Share Buttons generic via filter on the_content -->","protected":false},"excerpt":{"rendered":"<p>Con todo su derecho, movilizando todas sus fuerzas de todo el pa\u00eds, Vox, PP, Arrimadas y nost\u00e1lgicos\u00a0del franquismo, han reunido unas 110,000 personas en Cibeles. Salieron contra &#8221; El Plan Oculto del gobierno para mutar la Constituci\u00f3n y aliarse para acabar con Espa\u00f1a.&#8221; Por supuesto que s\u00ed\u00a0hay un proceso\u00a0pol\u00edtico, claro, NO OCULTO para dar un [&hellip;]<!-- AddThis Advanced Settings generic via filter on get_the_excerpt --><!-- AddThis Share Buttons generic via filter on get_the_excerpt --><\/p>\n","protected":false},"author":16,"featured_media":0,"comment_status":"open","ping_status":"closed","sticky":false,"template":"","format":"standard","meta":[],"categories":[1],"tags":[],"_links":{"self":[{"href":"https:\/\/blogs.elcomercio.es\/reflexiones-de-belarmino\/wp-json\/wp\/v2\/posts\/28000"}],"collection":[{"href":"https:\/\/blogs.elcomercio.es\/reflexiones-de-belarmino\/wp-json\/wp\/v2\/posts"}],"about":[{"href":"https:\/\/blogs.elcomercio.es\/reflexiones-de-belarmino\/wp-json\/wp\/v2\/types\/post"}],"author":[{"embeddable":true,"href":"https:\/\/blogs.elcomercio.es\/reflexiones-de-belarmino\/wp-json\/wp\/v2\/users\/16"}],"replies":[{"embeddable":true,"href":"https:\/\/blogs.elcomercio.es\/reflexiones-de-belarmino\/wp-json\/wp\/v2\/comments?post=28000"}],"version-history":[{"count":1,"href":"https:\/\/blogs.elcomercio.es\/reflexiones-de-belarmino\/wp-json\/wp\/v2\/posts\/28000\/revisions"}],"predecessor-version":[{"id":28001,"href":"https:\/\/blogs.elcomercio.es\/reflexiones-de-belarmino\/wp-json\/wp\/v2\/posts\/28000\/revisions\/28001"}],"wp:attachment":[{"href":"https:\/\/blogs.elcomercio.es\/reflexiones-de-belarmino\/wp-json\/wp\/v2\/media?parent=28000"}],"wp:term":[{"taxonomy":"category","embeddable":true,"href":"https:\/\/blogs.elcomercio.es\/reflexiones-de-belarmino\/wp-json\/wp\/v2\/categories?post=28000"},{"taxonomy":"post_tag","embeddable":true,"href":"https:\/\/blogs.elcomercio.es\/reflexiones-de-belarmino\/wp-json\/wp\/v2\/tags?post=28000"}],"curies":[{"name":"wp","href":"https:\/\/api.w.org\/{rel}","templated":true}]}}