{"id":28008,"date":"2023-01-21T21:10:26","date_gmt":"2023-01-21T20:10:26","guid":{"rendered":"https:\/\/blogs.elcomercio.es\/reflexiones-de-belarmino\/?p=28008"},"modified":"2023-01-21T21:10:26","modified_gmt":"2023-01-21T20:10:26","slug":"ee-uu-y-alemania-esperan-que-ucrania-recupere-territorios-antes-darles-los-tanques-por-temor-a-que-con-ellos-entren-a-territorio-ruso","status":"publish","type":"post","link":"https:\/\/blogs.elcomercio.es\/reflexiones-de-belarmino\/2023\/01\/21\/ee-uu-y-alemania-esperan-que-ucrania-recupere-territorios-antes-darles-los-tanques-por-temor-a-que-con-ellos-entren-a-territorio-ruso\/","title":{"rendered":"\u00a1\u00a1\u00a1\u00a1EE.UU.Y ALEMANIA ESPERAN QUE UCRANIA RECUPERE TERRITORIOS ANTES DARLES LOS TANQUES, POR TEMOR A QUE CON ELLOS ENTREN A TERRITORIO RUSO !!!"},"content":{"rendered":"<p><b>\u00bf Por que Alemania y EE:UU. no entregan sus grandes\u00a0tanques a Ucrania?. Han planteado que antes deben recuperar sus territorios y en el fondo temen que con ellos se intenten acciones dentro de Rusia, donde el enfrentamiento de ellos con Rusia fuera directo.<\/b><\/p>\n<p><b>EE:UU: y Alemania quieren a una Rusia d\u00e9bil, pero a costillas del resto de Europa. Lo que no quieren es entrar en confrontaci\u00f3n directa con Rusia, sabedores de que eso tendr\u00eda consecuencias directas contra ellos.<\/b><\/p>\n<p><b>La historia nos ha mostrado el pragmatismo de los EE:UU: y de Alemania.Ah\u00ed estamos, ah\u00ed est\u00e1n\u00a0nuestro armamentos y nuestros negocios, pero nosotros no queremos saber nada directamente con Rusia, por que sabemos el nivel y su fuerza nuclear, y su historia.<\/b><\/p>\n<p><b>Como hace m\u00e1s de un a\u00f1o. A Biden y a los americanos no le quita el sue\u00f1o ning\u00fan ucraniano. Ellos siguen, como a lo largo de su historia, comiendo sus\u00a0hamburguesas, sus perros calientes, sus coquitas de botella, la buena, calentitos y viendo el futbol americano.<\/b><\/p>\n<p><strong>\u00a0Y los alemanes, van a salir, por primera vez desde el final de la segunda Guerra Mundial, con una industria militar como nunca desde 1945, esperando su nuevo momento en le historia. Bien con EE:UU, bien con Europa, bien con Rusia y bien con China.Ellos traen su rollo.<\/strong><\/p>\n<p>&nbsp;<\/p>\n<!-- AddThis Advanced Settings generic via filter on the_content --><!-- AddThis Share Buttons generic via filter on the_content -->","protected":false},"excerpt":{"rendered":"<p>\u00bf Por que Alemania y EE:UU. no entregan sus grandes\u00a0tanques a Ucrania?. Han planteado que antes deben recuperar sus territorios y en el fondo temen que con ellos se intenten acciones dentro de Rusia, donde el enfrentamiento de ellos con Rusia fuera directo. EE:UU: y Alemania quieren a una Rusia d\u00e9bil, pero a costillas del [&hellip;]<!-- AddThis Advanced Settings generic via filter on get_the_excerpt --><!-- AddThis Share Buttons generic via filter on get_the_excerpt --><\/p>\n","protected":false},"author":16,"featured_media":0,"comment_status":"open","ping_status":"closed","sticky":false,"template":"","format":"standard","meta":[],"categories":[1],"tags":[],"_links":{"self":[{"href":"https:\/\/blogs.elcomercio.es\/reflexiones-de-belarmino\/wp-json\/wp\/v2\/posts\/28008"}],"collection":[{"href":"https:\/\/blogs.elcomercio.es\/reflexiones-de-belarmino\/wp-json\/wp\/v2\/posts"}],"about":[{"href":"https:\/\/blogs.elcomercio.es\/reflexiones-de-belarmino\/wp-json\/wp\/v2\/types\/post"}],"author":[{"embeddable":true,"href":"https:\/\/blogs.elcomercio.es\/reflexiones-de-belarmino\/wp-json\/wp\/v2\/users\/16"}],"replies":[{"embeddable":true,"href":"https:\/\/blogs.elcomercio.es\/reflexiones-de-belarmino\/wp-json\/wp\/v2\/comments?post=28008"}],"version-history":[{"count":2,"href":"https:\/\/blogs.elcomercio.es\/reflexiones-de-belarmino\/wp-json\/wp\/v2\/posts\/28008\/revisions"}],"predecessor-version":[{"id":28010,"href":"https:\/\/blogs.elcomercio.es\/reflexiones-de-belarmino\/wp-json\/wp\/v2\/posts\/28008\/revisions\/28010"}],"wp:attachment":[{"href":"https:\/\/blogs.elcomercio.es\/reflexiones-de-belarmino\/wp-json\/wp\/v2\/media?parent=28008"}],"wp:term":[{"taxonomy":"category","embeddable":true,"href":"https:\/\/blogs.elcomercio.es\/reflexiones-de-belarmino\/wp-json\/wp\/v2\/categories?post=28008"},{"taxonomy":"post_tag","embeddable":true,"href":"https:\/\/blogs.elcomercio.es\/reflexiones-de-belarmino\/wp-json\/wp\/v2\/tags?post=28008"}],"curies":[{"name":"wp","href":"https:\/\/api.w.org\/{rel}","templated":true}]}}