{"id":28021,"date":"2023-01-22T13:25:29","date_gmt":"2023-01-22T12:25:29","guid":{"rendered":"https:\/\/blogs.elcomercio.es\/reflexiones-de-belarmino\/?p=28021"},"modified":"2023-01-22T13:25:29","modified_gmt":"2023-01-22T12:25:29","slug":"arizona-desmantela-el-muro-de-contenedores-que-les-costo-100-millones-de-dolares","status":"publish","type":"post","link":"https:\/\/blogs.elcomercio.es\/reflexiones-de-belarmino\/2023\/01\/22\/arizona-desmantela-el-muro-de-contenedores-que-les-costo-100-millones-de-dolares\/","title":{"rendered":"\u00a1\u00a1\u00a1\u00a1ARIZONA DESMANTELA EL MURO DE CONTENEDORES QUE LES COST\u00d3 100 MILLONES DE D\u00d3LARES !!!"},"content":{"rendered":"<p><b>El anterior gobernador republicano Doug Ducey, hab\u00eda instalado un muro con contenedores en la frontera con M\u00e9xico que le cost\u00f3 a sus contribuyentes 100 millones de d\u00f3lares. El d\u00eda de ayer el nuevo gobernador dem\u00f3crata lo mand\u00f3 eliminar, toda vez que entre Arizona y Sonora, se va desarrollar el Plan Sonora, donde la energ\u00eda y el litio lo aportar\u00e1 M\u00e9xico y ellos las\u00a0f\u00e1bricas de\u00a0microchips en la zona donde se realizar\u00e1 el gran despliegue de construcci\u00f3n de autos el\u00e9ctricos\u00a0entre ambos paises y Canad\u00e1.<\/b><\/p>\n<!-- AddThis Advanced Settings generic via filter on the_content --><!-- AddThis Share Buttons generic via filter on the_content -->","protected":false},"excerpt":{"rendered":"<p>El anterior gobernador republicano Doug Ducey, hab\u00eda instalado un muro con contenedores en la frontera con M\u00e9xico que le cost\u00f3 a sus contribuyentes 100 millones de d\u00f3lares. El d\u00eda de ayer el nuevo gobernador dem\u00f3crata lo mand\u00f3 eliminar, toda vez que entre Arizona y Sonora, se va desarrollar el Plan Sonora, donde la energ\u00eda y [&hellip;]<!-- AddThis Advanced Settings generic via filter on get_the_excerpt --><!-- AddThis Share Buttons generic via filter on get_the_excerpt --><\/p>\n","protected":false},"author":16,"featured_media":0,"comment_status":"open","ping_status":"closed","sticky":false,"template":"","format":"standard","meta":[],"categories":[1],"tags":[],"_links":{"self":[{"href":"https:\/\/blogs.elcomercio.es\/reflexiones-de-belarmino\/wp-json\/wp\/v2\/posts\/28021"}],"collection":[{"href":"https:\/\/blogs.elcomercio.es\/reflexiones-de-belarmino\/wp-json\/wp\/v2\/posts"}],"about":[{"href":"https:\/\/blogs.elcomercio.es\/reflexiones-de-belarmino\/wp-json\/wp\/v2\/types\/post"}],"author":[{"embeddable":true,"href":"https:\/\/blogs.elcomercio.es\/reflexiones-de-belarmino\/wp-json\/wp\/v2\/users\/16"}],"replies":[{"embeddable":true,"href":"https:\/\/blogs.elcomercio.es\/reflexiones-de-belarmino\/wp-json\/wp\/v2\/comments?post=28021"}],"version-history":[{"count":1,"href":"https:\/\/blogs.elcomercio.es\/reflexiones-de-belarmino\/wp-json\/wp\/v2\/posts\/28021\/revisions"}],"predecessor-version":[{"id":28022,"href":"https:\/\/blogs.elcomercio.es\/reflexiones-de-belarmino\/wp-json\/wp\/v2\/posts\/28021\/revisions\/28022"}],"wp:attachment":[{"href":"https:\/\/blogs.elcomercio.es\/reflexiones-de-belarmino\/wp-json\/wp\/v2\/media?parent=28021"}],"wp:term":[{"taxonomy":"category","embeddable":true,"href":"https:\/\/blogs.elcomercio.es\/reflexiones-de-belarmino\/wp-json\/wp\/v2\/categories?post=28021"},{"taxonomy":"post_tag","embeddable":true,"href":"https:\/\/blogs.elcomercio.es\/reflexiones-de-belarmino\/wp-json\/wp\/v2\/tags?post=28021"}],"curies":[{"name":"wp","href":"https:\/\/api.w.org\/{rel}","templated":true}]}}