{"id":28046,"date":"2023-01-23T11:18:21","date_gmt":"2023-01-23T10:18:21","guid":{"rendered":"https:\/\/blogs.elcomercio.es\/reflexiones-de-belarmino\/?p=28046"},"modified":"2023-01-23T11:18:21","modified_gmt":"2023-01-23T10:18:21","slug":"todo-lo-que-se-oculto-durante-la-llamada-transicion-hay-que-sacarlo-a-la-luz-responsabilidad-de-nuestra-generacion","status":"publish","type":"post","link":"https:\/\/blogs.elcomercio.es\/reflexiones-de-belarmino\/2023\/01\/23\/todo-lo-que-se-oculto-durante-la-llamada-transicion-hay-que-sacarlo-a-la-luz-responsabilidad-de-nuestra-generacion\/","title":{"rendered":"\u00a1\u00a1\u00a1\u00a1\u00a1TODO LO QUE SE  OCULT\u00d3 DURANTE LA LLAMADA TRANSICI\u00d3N, HAY QUE SACARLO A LA LUZ .RESPONSABILIDAD DE NUESTRA GENERACI\u00d3N !!!"},"content":{"rendered":"<p><b>Desde aquella Ley de Sucesi\u00f3n donde Franco elimina\u00a0en 1947, a Don Juan y le abr\u00eda el camino a Juan\u00a0Carlos y Alfonso de Borb\u00f3n; desde la visita de Eisenhower en 1959 para romper el aislamiento\u00a0de Espa\u00f1a y el inicio de lo que se llam\u00f3 el Milagro Espa\u00f1ol, la entrada de los tecn\u00f3cratas\u00a0del Opus Dei; desde el d\u00eda que Sabino que quer\u00eda\u00a0que al pr\u00edncipe\u00a0se le educara en Salamanca y lo perdi\u00f3; desde aquel Kissinger\u00a0que sab\u00eda que eliminar\u00a0a Carrero Blanco para tener las bases y que proporcion\u00f3 el G4, el todopoderoso explosivo a ETA para que no fallar\u00e1; el asegurarse de que el Sahara Occidental a Marruecos, hasta el intento de la nieta y su m\u00e9dico para tratar de que fuera Alfonso (franquismo-monarqu\u00eda) de Borb\u00f3n y Juan Carlos, como el Opus con Rumasa, se hiciera due\u00f1o de la econom\u00eda, hasta que entra\u00a0al relevo, con Felipe Gonz\u00e1lez,\u00a0 Alemaania\u00a0 con el SPD Helmut Schmidt, y la Federaci\u00f3n Eckbert\u00a0y Dieter Konienszi, de enlace ideol\u00f3gico, econ\u00f3mico\u00a0con el PSOE, que hab\u00eda que quitarle &#8221; el marxismo&#8221;, pasaron muchos a\u00f1os.<\/b><\/p>\n<p><b>Todo lo que sucedi\u00f3\u00a0desde 1973, para crear la fortaleza de la econom\u00eda de los Borbones, el papel de Prado y Col\u00f3n de Carvajal, el\u00a0 agradecimiento de Juan Carlos con Alfonso Su\u00e1rez(no por\u00a0 haberle presentado a Barbara Rey) sino por que siendo director de RTVE, no transmiti\u00f3\u00a0la boda de la nieta y aquel doctor Mart\u00ednez\u00a0que por suerte su madre se apellidaba\u00a0Bordi\u00fa; el acuerdo de Felipe Gonz\u00e1lez\u00a0con la Iglesia, y la banca, para acabar con Rumasa y que fortaleciesen los nuevos due\u00f1os del pa\u00eds.<\/b><\/p>\n<p><b>Las comisiones que en todas las actividades recib\u00eda\u00a0Juan Carlos que le permitieron\u00a0en Am\u00e9rica Latina la Reconquista de Am\u00e9rica, las mujeres, los negocios que silencio el B\u00fanker\u00a0de los medios, los Gal, el 23 F(que en la desclasificaci\u00f3n\u00a0hace 2 a\u00f1os\u00a0 de los papeles del embajador\u00a0alem\u00e1n, que confirmaba que estos\u00a0acontecimientos\u00a0surgieron y terminaron en Zarzuela.).<\/b><\/p>\n<p><b>Todo lo que ocult\u00f3, Todo lo que hubo de lo que siempre hemos llamado la Transici\u00f3n Gatopardista, hoy nos pasa factura. Los que ven que se va a abrir\u00a0la verdad\u00a0de lo oculto, y saben lo que ello significar\u00eda para aquella Espa\u00f1a que siempre fue suya, y se baten utilizando todos sus medios<\/b><\/p>\n<p><b>Eso se juega en los ataques a Sanchez, Sanchez, comunistas, bolivarianos,el fin de Espa\u00f1a, es el miedo que se sepa la verdad de lo que realmente ocurri\u00f3 durante el franquismo y luego.<\/b><\/p>\n<p>&nbsp;<\/p>\n<!-- AddThis Advanced Settings generic via filter on the_content --><!-- AddThis Share Buttons generic via filter on the_content -->","protected":false},"excerpt":{"rendered":"<p>Desde aquella Ley de Sucesi\u00f3n donde Franco elimina\u00a0en 1947, a Don Juan y le abr\u00eda el camino a Juan\u00a0Carlos y Alfonso de Borb\u00f3n; desde la visita de Eisenhower en 1959 para romper el aislamiento\u00a0de Espa\u00f1a y el inicio de lo que se llam\u00f3 el Milagro Espa\u00f1ol, la entrada de los tecn\u00f3cratas\u00a0del Opus Dei; desde el [&hellip;]<!-- AddThis Advanced Settings generic via filter on get_the_excerpt --><!-- AddThis Share Buttons generic via filter on get_the_excerpt --><\/p>\n","protected":false},"author":16,"featured_media":0,"comment_status":"open","ping_status":"closed","sticky":false,"template":"","format":"standard","meta":[],"categories":[1],"tags":[],"_links":{"self":[{"href":"https:\/\/blogs.elcomercio.es\/reflexiones-de-belarmino\/wp-json\/wp\/v2\/posts\/28046"}],"collection":[{"href":"https:\/\/blogs.elcomercio.es\/reflexiones-de-belarmino\/wp-json\/wp\/v2\/posts"}],"about":[{"href":"https:\/\/blogs.elcomercio.es\/reflexiones-de-belarmino\/wp-json\/wp\/v2\/types\/post"}],"author":[{"embeddable":true,"href":"https:\/\/blogs.elcomercio.es\/reflexiones-de-belarmino\/wp-json\/wp\/v2\/users\/16"}],"replies":[{"embeddable":true,"href":"https:\/\/blogs.elcomercio.es\/reflexiones-de-belarmino\/wp-json\/wp\/v2\/comments?post=28046"}],"version-history":[{"count":4,"href":"https:\/\/blogs.elcomercio.es\/reflexiones-de-belarmino\/wp-json\/wp\/v2\/posts\/28046\/revisions"}],"predecessor-version":[{"id":28050,"href":"https:\/\/blogs.elcomercio.es\/reflexiones-de-belarmino\/wp-json\/wp\/v2\/posts\/28046\/revisions\/28050"}],"wp:attachment":[{"href":"https:\/\/blogs.elcomercio.es\/reflexiones-de-belarmino\/wp-json\/wp\/v2\/media?parent=28046"}],"wp:term":[{"taxonomy":"category","embeddable":true,"href":"https:\/\/blogs.elcomercio.es\/reflexiones-de-belarmino\/wp-json\/wp\/v2\/categories?post=28046"},{"taxonomy":"post_tag","embeddable":true,"href":"https:\/\/blogs.elcomercio.es\/reflexiones-de-belarmino\/wp-json\/wp\/v2\/tags?post=28046"}],"curies":[{"name":"wp","href":"https:\/\/api.w.org\/{rel}","templated":true}]}}