{"id":28054,"date":"2023-01-23T19:44:40","date_gmt":"2023-01-23T18:44:40","guid":{"rendered":"https:\/\/blogs.elcomercio.es\/reflexiones-de-belarmino\/?p=28054"},"modified":"2023-01-23T19:44:40","modified_gmt":"2023-01-23T18:44:40","slug":"juicio-garcia-luna-sergio-villareal-entrego-a-felipe-calderon-del-mayo-zambada-y-los-beltran-leyva-20-millones-de-dolares-por-que-nombrase-a-garcia-luna","status":"publish","type":"post","link":"https:\/\/blogs.elcomercio.es\/reflexiones-de-belarmino\/2023\/01\/23\/juicio-garcia-luna-sergio-villareal-entrego-a-felipe-calderon-del-mayo-zambada-y-los-beltran-leyva-20-millones-de-dolares-por-que-nombrase-a-garcia-luna\/","title":{"rendered":"\u00a1\u00a1\u00a1JUICIO GARCIA LUNA: SERGIO VILLAREAL, ENTREGO A FELIPE CALDERON DEL MAYO ZAMBADA Y LOS BELTR\u00c1N LEYVA, 20 MILLONES DE D\u00d3LARES POR QUE NOMBRASE A GARC\u00cdA LUNA !!!"},"content":{"rendered":"<p><b>A esta hora todav\u00eda no inicia el juicio en Brooklyn, Nueva\u00a0York, con Sergio Garc\u00eda\u00a0Luna, y ya empieza aparecer informaci\u00f3n. En el libro &#8221; El Licenciado&#8221;, Jes\u00fas Lemus da a conocer\u00a0que tras una reuni\u00f3n entre el Cartel de los Beltr\u00e1n\u00a0Leyva y el Mayo Zambada jefe del Chapo, Sergio\u00a0Villarreal,&#8221; El Grande&#8221; entreg\u00f3 20 millones de d\u00f3lares a Felipe Calder\u00f3n\u00a0ya presidente\u00a0electo, en 2006, para que nombrase Secretario de Seguridad P\u00fablica a Garcia Luna, que fue el principio de todo.<\/b><\/p>\n<p><b>Consideran\u00a0que, por este motivo, por que sabe todo Sergio Villareal &#8220;El Grande&#8221;, testigo\u00a0del fiscal, es el m\u00e1s temido por parte de Garc\u00eda\u00a0Luna y Felipe Calder\u00f3n.<\/b><\/p>\n<p><b>El propio Jes\u00fas Lemus, que sufri\u00f2 prisi\u00f3n con Calder\u00f3n, acaba de hablar en M\u00e9xico hace un momento,donde se presenta el libro, cuya parte\u00a0inicial es esta\u00a0reuni\u00f3n y entrega.<\/b><\/p>\n<p>&nbsp;<\/p>\n<!-- AddThis Advanced Settings generic via filter on the_content --><!-- AddThis Share Buttons generic via filter on the_content -->","protected":false},"excerpt":{"rendered":"<p>A esta hora todav\u00eda no inicia el juicio en Brooklyn, Nueva\u00a0York, con Sergio Garc\u00eda\u00a0Luna, y ya empieza aparecer informaci\u00f3n. En el libro &#8221; El Licenciado&#8221;, Jes\u00fas Lemus da a conocer\u00a0que tras una reuni\u00f3n entre el Cartel de los Beltr\u00e1n\u00a0Leyva y el Mayo Zambada jefe del Chapo, Sergio\u00a0Villarreal,&#8221; El Grande&#8221; entreg\u00f3 20 millones de d\u00f3lares a [&hellip;]<!-- AddThis Advanced Settings generic via filter on get_the_excerpt --><!-- AddThis Share Buttons generic via filter on get_the_excerpt --><\/p>\n","protected":false},"author":16,"featured_media":0,"comment_status":"open","ping_status":"closed","sticky":false,"template":"","format":"standard","meta":[],"categories":[1],"tags":[],"_links":{"self":[{"href":"https:\/\/blogs.elcomercio.es\/reflexiones-de-belarmino\/wp-json\/wp\/v2\/posts\/28054"}],"collection":[{"href":"https:\/\/blogs.elcomercio.es\/reflexiones-de-belarmino\/wp-json\/wp\/v2\/posts"}],"about":[{"href":"https:\/\/blogs.elcomercio.es\/reflexiones-de-belarmino\/wp-json\/wp\/v2\/types\/post"}],"author":[{"embeddable":true,"href":"https:\/\/blogs.elcomercio.es\/reflexiones-de-belarmino\/wp-json\/wp\/v2\/users\/16"}],"replies":[{"embeddable":true,"href":"https:\/\/blogs.elcomercio.es\/reflexiones-de-belarmino\/wp-json\/wp\/v2\/comments?post=28054"}],"version-history":[{"count":3,"href":"https:\/\/blogs.elcomercio.es\/reflexiones-de-belarmino\/wp-json\/wp\/v2\/posts\/28054\/revisions"}],"predecessor-version":[{"id":28057,"href":"https:\/\/blogs.elcomercio.es\/reflexiones-de-belarmino\/wp-json\/wp\/v2\/posts\/28054\/revisions\/28057"}],"wp:attachment":[{"href":"https:\/\/blogs.elcomercio.es\/reflexiones-de-belarmino\/wp-json\/wp\/v2\/media?parent=28054"}],"wp:term":[{"taxonomy":"category","embeddable":true,"href":"https:\/\/blogs.elcomercio.es\/reflexiones-de-belarmino\/wp-json\/wp\/v2\/categories?post=28054"},{"taxonomy":"post_tag","embeddable":true,"href":"https:\/\/blogs.elcomercio.es\/reflexiones-de-belarmino\/wp-json\/wp\/v2\/tags?post=28054"}],"curies":[{"name":"wp","href":"https:\/\/api.w.org\/{rel}","templated":true}]}}