{"id":28104,"date":"2023-01-26T18:25:51","date_gmt":"2023-01-26T17:25:51","guid":{"rendered":"https:\/\/blogs.elcomercio.es\/reflexiones-de-belarmino\/?p=28104"},"modified":"2023-01-26T18:25:51","modified_gmt":"2023-01-26T17:25:51","slug":"los-borbones-van-con-todo-por-la-reina-letizia-lo-de-hoy-no-es-casualidad","status":"publish","type":"post","link":"https:\/\/blogs.elcomercio.es\/reflexiones-de-belarmino\/2023\/01\/26\/los-borbones-van-con-todo-por-la-reina-letizia-lo-de-hoy-no-es-casualidad\/","title":{"rendered":"\u00a1\u00a1\u00a1\u00a1\u00a1LOS BORBONES VAN CON TODO POR LA REINA LETIZIA. LO DE HOY NO ES CASUALIDAD!!"},"content":{"rendered":"<p><strong>De pronto, deben de haber tomado la decisi\u00f3n en Grecia, en el funeral de Constantino. Ella, es el problema.<\/strong><\/p>\n<p><b>Hoy, no casual, el embajador de Ir\u00e1n, tras\u00a0saludar a Felipe VI, despreci\u00f3 y pas\u00f3 sin saludar\u00a0al lado, un hombrecillo peque\u00f1o,con cara del\u00a0deber cumplido.Tras la foto filtrada del abrazo y el beso de Felipe VI con el Em\u00e9rito, tras el funeral, y el enfrentamiento de todos los Borbones, sin pensar en Felipe VI,en contra de Leticia fue abierto. Sin consultar, las infantas, con todos los nietos se presentaron mientras que las infantas no fueron.<\/b><\/p>\n<p><b>El Espa\u00f1ol, diario digital ha publicado\u00a0los 14 desaires de Leticia con Felipe, de los \u00faltimos a\u00f1os.<\/b><\/p>\n<p><b>Ayer trascendi\u00f3\u00a0que tras el abrazo el Em\u00e9rito habia decidido regresar pero ya que no pod\u00eda hacerlo a la Zarzuela, ped\u00eda un edificio del Patrimonio Nacional, a lo cual Bola\u00f1os habr\u00eda respondido que no.<\/b><\/p>\n<p><b>Olvidamos que\u00a0hace 4 a\u00f1os, cuando Pedro S\u00e1nchez\u00a0visit\u00f3 como candidato al rey, Leticia lee pidi\u00f3 permiso a su esposo de si pod\u00eda saludarlo por que era amigo del Instituto.<\/b><\/p>\n<p><b>La cercan\u00eda\u00a0de los dos matrimonios, permiti\u00f3 a Leticia, suavemente, sacar a la luz la vida del suegro hasta que logr\u00f3 que se fuera a Abu Dabi. M\u00e4s tarde se enfrent\u00f3 en aquella foto a la reina Sofia con sus nietas, y por supuesto, la derecha que sabe que S\u00e1nchez\u00a0es el enemigo, quiz\u00e1s piense que\u00a0no s\u00f3lo hay que tirarlo por los &#8220;comunistas, bolivarianos, sandinistas&#8221; y &#8221; los que quieren romper a Espa\u00f1a&#8221;, sino por la cercania con la Corona<\/b><\/p>\n<p><strong>Letizia sabe que ella tiene a Leonor y es la que comparte lecho con el rey, y por lo tanto trata de aislar al resto de la familia.<\/strong><\/p>\n<p><strong>Pero, la familia Borb\u00f3n que tiene el trono, que tiene una fortuna para varias generaciones, s\u00f3lo hay una persona que les sobra, y que de faltar ella, Leonor seguir\u00eda asegurando a los Borbones.Se llama\u00a0 Letizia.<\/strong><\/p>\n<p><b>Al intento de regresar, se une la invitaci\u00f3n de ayer de Vargas Llosa de invitar el 9 de febrero\u00a0al\u00a0Em\u00e9rito a Par\u00eds\u00a0a su entrada a la Academia Francesa y hoy el desplante del embajador no fu\u00e9 casual..<\/b><\/p>\n<p><b>En 1956, muere de un tiro en Estoril,el hermano Alfonso, estando s\u00f3lo los dos, y la frase del padre Don Juan al Juan Carlos con 18 a\u00f1os:&#8221; J\u00farame que no lo hiciste a prop\u00f3sito&#8221;, y lo ech\u00f3\u00a0de la casa de nuevo a la Academia, lo marc\u00f3 de por vida<\/b><\/p>\n<p><strong>En 1989, muere en Colorado, esquiando, el \u00fanico que pod\u00eda aspirar a la Monarqu\u00eda , Alfonso de Borb\u00f3n, quien habia dicho unas semanas antes a la amante Marta Miller,, ya separado de la nieta del Caudillo: &#8221; Si\u00a0<\/strong><b>estuvi\u00e9ramos en el siglo XVIII yo ya habr\u00eda\u00a0estado guillotinado&#8221;.<\/b><\/p>\n<p><b>Aquella ma\u00f1ana en en la monta\u00f1a, de pronto, se le aparece a la altura del cuello, una barra de metal, que virtualmente casi lo\u00a0 degolla. La amante desaparece, pero la niet\u00edsima\u00a0pidi\u00f3 una recompensa, se la dieron y todo se call\u00f3.<\/b><\/p>\n<p><strong>De aqu\u00ed a las elecciones, la reina Leticia, tendr\u00e1 que extremar precauciones. Ella sabe que uni\u00f3 a todos en su contra, se aisl\u00f3, y Leonor ser\u00e1 reina, aunque ella no est\u00e9.<\/strong><\/p>\n<p><strong>Diana&#8230;&#8230;.<\/strong><\/p>\n<p>&nbsp;<\/p>\n<p>&nbsp;<\/p>\n<p>&nbsp;<\/p>\n<p>&nbsp;<\/p>\n<p>&nbsp;<\/p>\n<p>&nbsp;<\/p>\n<!-- AddThis Advanced Settings generic via filter on the_content --><!-- AddThis Share Buttons generic via filter on the_content -->","protected":false},"excerpt":{"rendered":"<p>De pronto, deben de haber tomado la decisi\u00f3n en Grecia, en el funeral de Constantino. Ella, es el problema. Hoy, no casual, el embajador de Ir\u00e1n, tras\u00a0saludar a Felipe VI, despreci\u00f3 y pas\u00f3 sin saludar\u00a0al lado, un hombrecillo peque\u00f1o,con cara del\u00a0deber cumplido.Tras la foto filtrada del abrazo y el beso de Felipe VI con el [&hellip;]<!-- AddThis Advanced Settings generic via filter on get_the_excerpt --><!-- AddThis Share Buttons generic via filter on get_the_excerpt --><\/p>\n","protected":false},"author":16,"featured_media":0,"comment_status":"open","ping_status":"closed","sticky":false,"template":"","format":"standard","meta":[],"categories":[1],"tags":[],"_links":{"self":[{"href":"https:\/\/blogs.elcomercio.es\/reflexiones-de-belarmino\/wp-json\/wp\/v2\/posts\/28104"}],"collection":[{"href":"https:\/\/blogs.elcomercio.es\/reflexiones-de-belarmino\/wp-json\/wp\/v2\/posts"}],"about":[{"href":"https:\/\/blogs.elcomercio.es\/reflexiones-de-belarmino\/wp-json\/wp\/v2\/types\/post"}],"author":[{"embeddable":true,"href":"https:\/\/blogs.elcomercio.es\/reflexiones-de-belarmino\/wp-json\/wp\/v2\/users\/16"}],"replies":[{"embeddable":true,"href":"https:\/\/blogs.elcomercio.es\/reflexiones-de-belarmino\/wp-json\/wp\/v2\/comments?post=28104"}],"version-history":[{"count":2,"href":"https:\/\/blogs.elcomercio.es\/reflexiones-de-belarmino\/wp-json\/wp\/v2\/posts\/28104\/revisions"}],"predecessor-version":[{"id":28106,"href":"https:\/\/blogs.elcomercio.es\/reflexiones-de-belarmino\/wp-json\/wp\/v2\/posts\/28104\/revisions\/28106"}],"wp:attachment":[{"href":"https:\/\/blogs.elcomercio.es\/reflexiones-de-belarmino\/wp-json\/wp\/v2\/media?parent=28104"}],"wp:term":[{"taxonomy":"category","embeddable":true,"href":"https:\/\/blogs.elcomercio.es\/reflexiones-de-belarmino\/wp-json\/wp\/v2\/categories?post=28104"},{"taxonomy":"post_tag","embeddable":true,"href":"https:\/\/blogs.elcomercio.es\/reflexiones-de-belarmino\/wp-json\/wp\/v2\/tags?post=28104"}],"curies":[{"name":"wp","href":"https:\/\/api.w.org\/{rel}","templated":true}]}}