{"id":28137,"date":"2023-01-28T11:08:06","date_gmt":"2023-01-28T10:08:06","guid":{"rendered":"https:\/\/blogs.elcomercio.es\/reflexiones-de-belarmino\/?p=28137"},"modified":"2023-01-28T11:08:06","modified_gmt":"2023-01-28T10:08:06","slug":"cae-la-primera-cabeza-en-ee-uu-por-el-juicio-destituyen-el-todopoderoso-director-de-la-dea-palmieri","status":"publish","type":"post","link":"https:\/\/blogs.elcomercio.es\/reflexiones-de-belarmino\/2023\/01\/28\/cae-la-primera-cabeza-en-ee-uu-por-el-juicio-destituyen-el-todopoderoso-director-de-la-dea-palmieri\/","title":{"rendered":"\u00a1\u00a1\u00a1\u00a1CAE LA PRIMERA CABEZA EN EE.UU, POR EL JUICIO.- DESTITUYEN EL TODOPODEROSO DIRECTOR DE LA DEA PALMIERI !!!"},"content":{"rendered":"<p><b>No ha pasado una semana del juicio contra Sergio Garcia Luna, y ayer cay\u00f3 el\u00a0todopoderoso director de\u00a0la DEA Nicholas\u00a0Palmieri.En 14 meses pas\u00f3 a ser el todopoderoso Director de la Agencia contra el Narcotr\u00e1fico, con centenares de agentes en M\u00e9xico, Centroam\u00e9rica\u00a0y Canad\u00e1, ser destituido ayer en forma fulminante.<\/b><\/p>\n<p><b>\u00bf Como ?,\u00bf Destituyeron al mism\u00edsimo\u00a0Palmieri?, se habr\u00e1n\u00a0atragantando ayer Salinas, Zedillo, pero sobre todo Pe\u00f1a Nieto y, por supuesto Felipe Calder\u00f3n y Vicente Fox.<\/b><\/p>\n<p><strong>Aviso a navegantes.<\/strong><\/p>\n<p>&nbsp;<\/p>\n<!-- AddThis Advanced Settings generic via filter on the_content --><!-- AddThis Share Buttons generic via filter on the_content -->","protected":false},"excerpt":{"rendered":"<p>No ha pasado una semana del juicio contra Sergio Garcia Luna, y ayer cay\u00f3 el\u00a0todopoderoso director de\u00a0la DEA Nicholas\u00a0Palmieri.En 14 meses pas\u00f3 a ser el todopoderoso Director de la Agencia contra el Narcotr\u00e1fico, con centenares de agentes en M\u00e9xico, Centroam\u00e9rica\u00a0y Canad\u00e1, ser destituido ayer en forma fulminante. \u00bf Como ?,\u00bf Destituyeron al mism\u00edsimo\u00a0Palmieri?, se habr\u00e1n\u00a0atragantando [&hellip;]<!-- AddThis Advanced Settings generic via filter on get_the_excerpt --><!-- AddThis Share Buttons generic via filter on get_the_excerpt --><\/p>\n","protected":false},"author":16,"featured_media":0,"comment_status":"open","ping_status":"closed","sticky":false,"template":"","format":"standard","meta":[],"categories":[1],"tags":[],"_links":{"self":[{"href":"https:\/\/blogs.elcomercio.es\/reflexiones-de-belarmino\/wp-json\/wp\/v2\/posts\/28137"}],"collection":[{"href":"https:\/\/blogs.elcomercio.es\/reflexiones-de-belarmino\/wp-json\/wp\/v2\/posts"}],"about":[{"href":"https:\/\/blogs.elcomercio.es\/reflexiones-de-belarmino\/wp-json\/wp\/v2\/types\/post"}],"author":[{"embeddable":true,"href":"https:\/\/blogs.elcomercio.es\/reflexiones-de-belarmino\/wp-json\/wp\/v2\/users\/16"}],"replies":[{"embeddable":true,"href":"https:\/\/blogs.elcomercio.es\/reflexiones-de-belarmino\/wp-json\/wp\/v2\/comments?post=28137"}],"version-history":[{"count":2,"href":"https:\/\/blogs.elcomercio.es\/reflexiones-de-belarmino\/wp-json\/wp\/v2\/posts\/28137\/revisions"}],"predecessor-version":[{"id":28139,"href":"https:\/\/blogs.elcomercio.es\/reflexiones-de-belarmino\/wp-json\/wp\/v2\/posts\/28137\/revisions\/28139"}],"wp:attachment":[{"href":"https:\/\/blogs.elcomercio.es\/reflexiones-de-belarmino\/wp-json\/wp\/v2\/media?parent=28137"}],"wp:term":[{"taxonomy":"category","embeddable":true,"href":"https:\/\/blogs.elcomercio.es\/reflexiones-de-belarmino\/wp-json\/wp\/v2\/categories?post=28137"},{"taxonomy":"post_tag","embeddable":true,"href":"https:\/\/blogs.elcomercio.es\/reflexiones-de-belarmino\/wp-json\/wp\/v2\/tags?post=28137"}],"curies":[{"name":"wp","href":"https:\/\/api.w.org\/{rel}","templated":true}]}}