{"id":28144,"date":"2023-01-29T11:06:19","date_gmt":"2023-01-29T10:06:19","guid":{"rendered":"https:\/\/blogs.elcomercio.es\/reflexiones-de-belarmino\/?p=28144"},"modified":"2023-01-29T11:06:19","modified_gmt":"2023-01-29T10:06:19","slug":"yolanda-diaz-en-asturias-el-proyecto-belarmino-sumara-10000-votos-en-las-municipales-sin-hacer-un-solo-acto","status":"publish","type":"post","link":"https:\/\/blogs.elcomercio.es\/reflexiones-de-belarmino\/2023\/01\/29\/yolanda-diaz-en-asturias-el-proyecto-belarmino-sumara-10000-votos-en-las-municipales-sin-hacer-un-solo-acto\/","title":{"rendered":"\u00a1\u00a1\u00a1\u00a1YOLANDA D\u00cdAZ, EN ASTURIAS &#8220;EL PROYECTO BELARMINO&#8221;, SUMAR\u00c1 10,000 VOTOS EN LAS MUNICIPALES,  SIN HACER UN SOLO ACTO !!!!"},"content":{"rendered":"<p><b>Yolanda D\u00edaz, usted ha dado\u00a0la l\u00ednea en\u00a0 Espa\u00f1a para dar el siguiente paso. El SUMAR por el que usted lucha , encuentra\u00a0 en Asturias\u00a0 con el SUMAR de nuestros viejos, el\u00a0 eslab\u00f3n para los 10 a\u00f1os para los 2024-2034, que\u00a0Espa\u00f1a necesita para consolidar la nueva etapa.<\/b><\/p>\n<p><strong>Somos peque\u00f1os pero con historia. Hoy se echa a andar un proyecto llamado , que aportar\u00e1 sin un s\u00f3lo acto 10,000 votos a lo que se espera en nuestra regi\u00f3n.<\/strong><\/p>\n<p><strong>Veamos, en 2019, en las Municipales, sobre un padr\u00f3n de 869,032(97% del total), votaron 535,216, de los cuales la suma de PSOE e Izquierda Unida, m\u00e1s Podemos, Equo nos lleva 251,047.<\/strong><\/p>\n<p><strong>La suma de las derechas fueron de 205,021, y la diferencia de otros partidos.<\/strong><\/p>\n<p><b>En silencio, hoy se inicia, sin un\u00a0 s\u00f3lo acto, sin una organizaci\u00f3n, sin un euro.\u00a0 \u00a0Es la\u00a0 voluntad\u00a0 de nuestros\u00a0 viejos\u00a0 que supieron SUMAR en en un momento hist\u00f3rico en la Asturias, que enfrent\u00f3 en 1917, en 1934, en 1936 y 37, a Franco, que encabez\u00f3 el Frente Norte 461 d\u00edas con el Consejo Interprovincial\u00a0de Asturias y Le\u00f3n, y luego en 1937 decret\u00f3 la Soberan\u00eda en Asturias.<\/b><\/p>\n<p><strong>Fue una generaci\u00f3n de socialistas, comunistas y anarquistas, que denominaremos el PROYECTO BELARMINO y que llevar\u00e1 a las urnas, sin un s\u00f3lo acto 10,000 votos que ser\u00e1n para SUMAR EN 2024.<\/strong><\/p>\n<p><b>Todo se har\u00e1 en autob\u00fas\u00a0y en cercan\u00edas.<\/b><\/p>\n<p><strong>Empezamos hoy&#8230;..<\/strong><\/p>\n<!-- AddThis Advanced Settings generic via filter on the_content --><!-- AddThis Share Buttons generic via filter on the_content -->","protected":false},"excerpt":{"rendered":"<p>Yolanda D\u00edaz, usted ha dado\u00a0la l\u00ednea en\u00a0 Espa\u00f1a para dar el siguiente paso. El SUMAR por el que usted lucha , encuentra\u00a0 en Asturias\u00a0 con el SUMAR de nuestros viejos, el\u00a0 eslab\u00f3n para los 10 a\u00f1os para los 2024-2034, que\u00a0Espa\u00f1a necesita para consolidar la nueva etapa. Somos peque\u00f1os pero con historia. Hoy se echa a [&hellip;]<!-- AddThis Advanced Settings generic via filter on get_the_excerpt --><!-- AddThis Share Buttons generic via filter on get_the_excerpt --><\/p>\n","protected":false},"author":16,"featured_media":0,"comment_status":"open","ping_status":"closed","sticky":false,"template":"","format":"standard","meta":[],"categories":[1],"tags":[],"_links":{"self":[{"href":"https:\/\/blogs.elcomercio.es\/reflexiones-de-belarmino\/wp-json\/wp\/v2\/posts\/28144"}],"collection":[{"href":"https:\/\/blogs.elcomercio.es\/reflexiones-de-belarmino\/wp-json\/wp\/v2\/posts"}],"about":[{"href":"https:\/\/blogs.elcomercio.es\/reflexiones-de-belarmino\/wp-json\/wp\/v2\/types\/post"}],"author":[{"embeddable":true,"href":"https:\/\/blogs.elcomercio.es\/reflexiones-de-belarmino\/wp-json\/wp\/v2\/users\/16"}],"replies":[{"embeddable":true,"href":"https:\/\/blogs.elcomercio.es\/reflexiones-de-belarmino\/wp-json\/wp\/v2\/comments?post=28144"}],"version-history":[{"count":4,"href":"https:\/\/blogs.elcomercio.es\/reflexiones-de-belarmino\/wp-json\/wp\/v2\/posts\/28144\/revisions"}],"predecessor-version":[{"id":28148,"href":"https:\/\/blogs.elcomercio.es\/reflexiones-de-belarmino\/wp-json\/wp\/v2\/posts\/28144\/revisions\/28148"}],"wp:attachment":[{"href":"https:\/\/blogs.elcomercio.es\/reflexiones-de-belarmino\/wp-json\/wp\/v2\/media?parent=28144"}],"wp:term":[{"taxonomy":"category","embeddable":true,"href":"https:\/\/blogs.elcomercio.es\/reflexiones-de-belarmino\/wp-json\/wp\/v2\/categories?post=28144"},{"taxonomy":"post_tag","embeddable":true,"href":"https:\/\/blogs.elcomercio.es\/reflexiones-de-belarmino\/wp-json\/wp\/v2\/tags?post=28144"}],"curies":[{"name":"wp","href":"https:\/\/api.w.org\/{rel}","templated":true}]}}