{"id":28149,"date":"2023-01-29T18:02:09","date_gmt":"2023-01-29T17:02:09","guid":{"rendered":"https:\/\/blogs.elcomercio.es\/reflexiones-de-belarmino\/?p=28149"},"modified":"2023-01-29T18:02:09","modified_gmt":"2023-01-29T17:02:09","slug":"yo-doblegue-a-lopez-obrador-furioso-inicio-de-campana-de-trump-estoy-mas-cabreado-que-nunca","status":"publish","type":"post","link":"https:\/\/blogs.elcomercio.es\/reflexiones-de-belarmino\/2023\/01\/29\/yo-doblegue-a-lopez-obrador-furioso-inicio-de-campana-de-trump-estoy-mas-cabreado-que-nunca\/","title":{"rendered":"\u00a1\u00a1\u00a1\u00a1&#8221;YO DOBLEGU\u00c9 A L\u00d3PEZ OBRADOR&#8221;, FURIOSO INICIO DE CAMPA\u00d1A DE TRUMP. &#8220;ESTOY M\u00c1S CABREADO QUE NUNCA&#8221;!!!"},"content":{"rendered":"<p><b>Ayer en New Hampshire y en Carolina del Sur, inici\u00f3 su campa\u00f1a hacia la nominaci\u00f3n\u00a0del partido Republicano, el &#8221; B\u00fafalo&#8221; Donald Trump. &#8221; Estoy m\u00e1s\u00a0cabreado que nunca&#8221; dijo antes de decir: &#8220;yo doblegue a L\u00f3pez Obrador&#8221;. Ayer empez\u00f3 en esos dos estados claves para \u00e9l.<\/b><\/p>\n<!-- AddThis Advanced Settings generic via filter on the_content --><!-- AddThis Share Buttons generic via filter on the_content -->","protected":false},"excerpt":{"rendered":"<p>Ayer en New Hampshire y en Carolina del Sur, inici\u00f3 su campa\u00f1a hacia la nominaci\u00f3n\u00a0del partido Republicano, el &#8221; B\u00fafalo&#8221; Donald Trump. &#8221; Estoy m\u00e1s\u00a0cabreado que nunca&#8221; dijo antes de decir: &#8220;yo doblegue a L\u00f3pez Obrador&#8221;. Ayer empez\u00f3 en esos dos estados claves para \u00e9l.<!-- AddThis Advanced Settings generic via filter on get_the_excerpt --><!-- AddThis Share Buttons generic via filter on get_the_excerpt --><\/p>\n","protected":false},"author":16,"featured_media":0,"comment_status":"open","ping_status":"closed","sticky":false,"template":"","format":"standard","meta":[],"categories":[1],"tags":[],"_links":{"self":[{"href":"https:\/\/blogs.elcomercio.es\/reflexiones-de-belarmino\/wp-json\/wp\/v2\/posts\/28149"}],"collection":[{"href":"https:\/\/blogs.elcomercio.es\/reflexiones-de-belarmino\/wp-json\/wp\/v2\/posts"}],"about":[{"href":"https:\/\/blogs.elcomercio.es\/reflexiones-de-belarmino\/wp-json\/wp\/v2\/types\/post"}],"author":[{"embeddable":true,"href":"https:\/\/blogs.elcomercio.es\/reflexiones-de-belarmino\/wp-json\/wp\/v2\/users\/16"}],"replies":[{"embeddable":true,"href":"https:\/\/blogs.elcomercio.es\/reflexiones-de-belarmino\/wp-json\/wp\/v2\/comments?post=28149"}],"version-history":[{"count":2,"href":"https:\/\/blogs.elcomercio.es\/reflexiones-de-belarmino\/wp-json\/wp\/v2\/posts\/28149\/revisions"}],"predecessor-version":[{"id":28151,"href":"https:\/\/blogs.elcomercio.es\/reflexiones-de-belarmino\/wp-json\/wp\/v2\/posts\/28149\/revisions\/28151"}],"wp:attachment":[{"href":"https:\/\/blogs.elcomercio.es\/reflexiones-de-belarmino\/wp-json\/wp\/v2\/media?parent=28149"}],"wp:term":[{"taxonomy":"category","embeddable":true,"href":"https:\/\/blogs.elcomercio.es\/reflexiones-de-belarmino\/wp-json\/wp\/v2\/categories?post=28149"},{"taxonomy":"post_tag","embeddable":true,"href":"https:\/\/blogs.elcomercio.es\/reflexiones-de-belarmino\/wp-json\/wp\/v2\/tags?post=28149"}],"curies":[{"name":"wp","href":"https:\/\/api.w.org\/{rel}","templated":true}]}}