{"id":28164,"date":"2023-01-30T10:46:48","date_gmt":"2023-01-30T09:46:48","guid":{"rendered":"https:\/\/blogs.elcomercio.es\/reflexiones-de-belarmino\/?p=28164"},"modified":"2023-01-30T10:46:48","modified_gmt":"2023-01-30T09:46:48","slug":"la-inversion-espanola-en-paraisos-fiscales-crecio-un-131-en-2-anos","status":"publish","type":"post","link":"https:\/\/blogs.elcomercio.es\/reflexiones-de-belarmino\/2023\/01\/30\/la-inversion-espanola-en-paraisos-fiscales-crecio-un-131-en-2-anos\/","title":{"rendered":"\u00a1\u00a1\u00a1\u00a1 LA INVERSI\u00d3N ESPA\u00d1OLA EN PARA\u00cdSOS FISCALES CRECI\u00d3 UN 131 % EN 2 A\u00d1OS !!!"},"content":{"rendered":"<p><b>As\u00ed, mientras m\u00e1s\u00a0necesitamos capitales, estos que no tienen patria sino intereses, han sacado de Espa\u00f1a hacia\u00a0para\u00edsos\u00a0fiscales el 131% m\u00e1s en dos a\u00f1os. Islas V\u00edrgenes\u00a0lo encabezan, pero Luxemburgo se multiplic\u00f3\u00a0por 4.<\/b><\/p>\n<p><b>De cualquier parte de la sociedad, de cualquier sector, el sacar el capital e impedir que se pueda crear trabajo, infraestructuras , NO ES DE ESE PA\u00cdS.<\/b><\/p>\n<p><b>Va por todos, en cualquier pa\u00eds, pero Espa\u00f1a tiene el sangrante\u00a0caso de el Em\u00e9rito, que ya traslad\u00f3 su domicilio fiscal a Abu Dhabi.Verg\u00fcenza\u00a0nacional. Ahora esta fuera del radar de la Hacienda\u00a0 de Espa\u00f1a, para manejar c\u00f3modamente\u00a0su fortuna, por supuesto ya dividida y ubicada para todos los miembros de la Casa de los Borbones.<\/b><\/p>\n<!-- AddThis Advanced Settings generic via filter on the_content --><!-- AddThis Share Buttons generic via filter on the_content -->","protected":false},"excerpt":{"rendered":"<p>As\u00ed, mientras m\u00e1s\u00a0necesitamos capitales, estos que no tienen patria sino intereses, han sacado de Espa\u00f1a hacia\u00a0para\u00edsos\u00a0fiscales el 131% m\u00e1s en dos a\u00f1os. Islas V\u00edrgenes\u00a0lo encabezan, pero Luxemburgo se multiplic\u00f3\u00a0por 4. De cualquier parte de la sociedad, de cualquier sector, el sacar el capital e impedir que se pueda crear trabajo, infraestructuras , NO ES DE [&hellip;]<!-- AddThis Advanced Settings generic via filter on get_the_excerpt --><!-- AddThis Share Buttons generic via filter on get_the_excerpt --><\/p>\n","protected":false},"author":16,"featured_media":0,"comment_status":"open","ping_status":"closed","sticky":false,"template":"","format":"standard","meta":[],"categories":[1],"tags":[],"_links":{"self":[{"href":"https:\/\/blogs.elcomercio.es\/reflexiones-de-belarmino\/wp-json\/wp\/v2\/posts\/28164"}],"collection":[{"href":"https:\/\/blogs.elcomercio.es\/reflexiones-de-belarmino\/wp-json\/wp\/v2\/posts"}],"about":[{"href":"https:\/\/blogs.elcomercio.es\/reflexiones-de-belarmino\/wp-json\/wp\/v2\/types\/post"}],"author":[{"embeddable":true,"href":"https:\/\/blogs.elcomercio.es\/reflexiones-de-belarmino\/wp-json\/wp\/v2\/users\/16"}],"replies":[{"embeddable":true,"href":"https:\/\/blogs.elcomercio.es\/reflexiones-de-belarmino\/wp-json\/wp\/v2\/comments?post=28164"}],"version-history":[{"count":2,"href":"https:\/\/blogs.elcomercio.es\/reflexiones-de-belarmino\/wp-json\/wp\/v2\/posts\/28164\/revisions"}],"predecessor-version":[{"id":28166,"href":"https:\/\/blogs.elcomercio.es\/reflexiones-de-belarmino\/wp-json\/wp\/v2\/posts\/28164\/revisions\/28166"}],"wp:attachment":[{"href":"https:\/\/blogs.elcomercio.es\/reflexiones-de-belarmino\/wp-json\/wp\/v2\/media?parent=28164"}],"wp:term":[{"taxonomy":"category","embeddable":true,"href":"https:\/\/blogs.elcomercio.es\/reflexiones-de-belarmino\/wp-json\/wp\/v2\/categories?post=28164"},{"taxonomy":"post_tag","embeddable":true,"href":"https:\/\/blogs.elcomercio.es\/reflexiones-de-belarmino\/wp-json\/wp\/v2\/tags?post=28164"}],"curies":[{"name":"wp","href":"https:\/\/api.w.org\/{rel}","templated":true}]}}