{"id":28167,"date":"2023-01-30T11:03:13","date_gmt":"2023-01-30T10:03:13","guid":{"rendered":"https:\/\/blogs.elcomercio.es\/reflexiones-de-belarmino\/?p=28167"},"modified":"2023-01-30T11:03:13","modified_gmt":"2023-01-30T10:03:13","slug":"siac-motor-la-mayor-empresa-automotriz-china-consolida-en-mexico-en-su-cuarto-nivel-mundial","status":"publish","type":"post","link":"https:\/\/blogs.elcomercio.es\/reflexiones-de-belarmino\/2023\/01\/30\/siac-motor-la-mayor-empresa-automotriz-china-consolida-en-mexico-en-su-cuarto-nivel-mundial\/","title":{"rendered":"\u00a1\u00a1\u00a1SIAC MOTOR, LA MAYOR EMPRESA  AUTOMOTRIZ CHINA, CONSOLIDA EN MEXICO EN SU CUARTO NIVEL MUNDIAL !!!"},"content":{"rendered":"<p><b>El pragmatismo chino. Viendo las ventajas por las infraestructuras, la estabilidada\u00a0econ\u00f3mica y la cercan\u00eda con el mercado de EE:UU: M\u00e9xico y Canad\u00e1, SIAC Motor la mayor empresa automotriz china que construye 5.3 millones de autos en el mundo, ha situado a MG M\u00e9xico, en cuarto\u00a0nivel mundial, habiendo vendido sorpresivamente\u00a0en 2 a\u00f1os 60,000 nuevos autos sedan en el pa\u00eds y que crecer\u00e1 este a\u00f1o con las nuevas energ\u00edas limpias, el litio mexicano y la tendencia a los autos el\u00e9ctricos.<\/b><\/p>\n<!-- AddThis Advanced Settings generic via filter on the_content --><!-- AddThis Share Buttons generic via filter on the_content -->","protected":false},"excerpt":{"rendered":"<p>El pragmatismo chino. Viendo las ventajas por las infraestructuras, la estabilidada\u00a0econ\u00f3mica y la cercan\u00eda con el mercado de EE:UU: M\u00e9xico y Canad\u00e1, SIAC Motor la mayor empresa automotriz china que construye 5.3 millones de autos en el mundo, ha situado a MG M\u00e9xico, en cuarto\u00a0nivel mundial, habiendo vendido sorpresivamente\u00a0en 2 a\u00f1os 60,000 nuevos autos sedan [&hellip;]<!-- AddThis Advanced Settings generic via filter on get_the_excerpt --><!-- AddThis Share Buttons generic via filter on get_the_excerpt --><\/p>\n","protected":false},"author":16,"featured_media":0,"comment_status":"open","ping_status":"closed","sticky":false,"template":"","format":"standard","meta":[],"categories":[1],"tags":[],"_links":{"self":[{"href":"https:\/\/blogs.elcomercio.es\/reflexiones-de-belarmino\/wp-json\/wp\/v2\/posts\/28167"}],"collection":[{"href":"https:\/\/blogs.elcomercio.es\/reflexiones-de-belarmino\/wp-json\/wp\/v2\/posts"}],"about":[{"href":"https:\/\/blogs.elcomercio.es\/reflexiones-de-belarmino\/wp-json\/wp\/v2\/types\/post"}],"author":[{"embeddable":true,"href":"https:\/\/blogs.elcomercio.es\/reflexiones-de-belarmino\/wp-json\/wp\/v2\/users\/16"}],"replies":[{"embeddable":true,"href":"https:\/\/blogs.elcomercio.es\/reflexiones-de-belarmino\/wp-json\/wp\/v2\/comments?post=28167"}],"version-history":[{"count":1,"href":"https:\/\/blogs.elcomercio.es\/reflexiones-de-belarmino\/wp-json\/wp\/v2\/posts\/28167\/revisions"}],"predecessor-version":[{"id":28168,"href":"https:\/\/blogs.elcomercio.es\/reflexiones-de-belarmino\/wp-json\/wp\/v2\/posts\/28167\/revisions\/28168"}],"wp:attachment":[{"href":"https:\/\/blogs.elcomercio.es\/reflexiones-de-belarmino\/wp-json\/wp\/v2\/media?parent=28167"}],"wp:term":[{"taxonomy":"category","embeddable":true,"href":"https:\/\/blogs.elcomercio.es\/reflexiones-de-belarmino\/wp-json\/wp\/v2\/categories?post=28167"},{"taxonomy":"post_tag","embeddable":true,"href":"https:\/\/blogs.elcomercio.es\/reflexiones-de-belarmino\/wp-json\/wp\/v2\/tags?post=28167"}],"curies":[{"name":"wp","href":"https:\/\/api.w.org\/{rel}","templated":true}]}}