{"id":28171,"date":"2023-01-30T13:03:24","date_gmt":"2023-01-30T12:03:24","guid":{"rendered":"https:\/\/blogs.elcomercio.es\/reflexiones-de-belarmino\/?p=28171"},"modified":"2023-01-30T13:07:53","modified_gmt":"2023-01-30T12:07:53","slug":"pedro-garfias-sus-dos-visitas-a-asturias-el-sumemos-asturiano-monterrey-y-asturias-si-yo-pudiera","status":"publish","type":"post","link":"https:\/\/blogs.elcomercio.es\/reflexiones-de-belarmino\/2023\/01\/30\/pedro-garfias-sus-dos-visitas-a-asturias-el-sumemos-asturiano-monterrey-y-asturias-si-yo-pudiera\/","title":{"rendered":"\u00a1\u00a1\u00a1PEDRO GARFIAS, SUS DOS VISITAS A ASTURIAS, EL SUMEMOS ASTURIANO, MONTERREY Y &#8220;ASTURIAS, SI YO PUDIERA &#8220;!!"},"content":{"rendered":"<p><b>&#8220;\u00bf Como?, \u00bf un poeta espa\u00f1ol del 27 enterrado en Monterrey?, as\u00ed se sorprendi\u00f3 la gran escritora Elena Poniatowska\u00a0, al saber que Pedro Garfias estaba enterrado\u00a0en Monterrey, Nuevo Le\u00f3n.&#8221;No conoc\u00eda la historia hasta que o\u00ed cantar a V\u00edctor\u00a0Manuel&#8221;. A\u00a0 10,000 kms de distancia,\u00a0 sus restos descansan\u00a0en aquella ciudad, donde\u00a0 se emocionar\u00eda si pudiera estar en cualquier fiesta joven asturiana y viera que la terminan\u00a0cantando\u00a0su &#8221; ASTURIAS, SI YO PUDIERA &#8220;<\/b><\/p>\n<p><b>Extreme\u00f1o, vino dos veces, tan s\u00f3lo 2, a esta tierra verde y negra, en 1936 y 1937, sali\u00f3 de Espa\u00f1a gracias a la visa de Alfonso Bosques, cruz\u00f3\u00a0el Atl\u00e1ntico, dejando su patria en llamas y llegaba a aquella tierra de calor, palmeras, afecto y cari\u00f1o desde siempre en el Sinaia al puerto\u00a0de Veracruz..<\/b><\/p>\n<p><b>Amigos m\u00edos me hablaban de aquel poeta solitarios viviendo en Culiac\u00e1n\u00a0, Sinaloa, en el Pac\u00edfico, y a\u00f1os m\u00e1s tarde tuve la suerte de estar en la\u00a0comida que los socialistas\u00a0espa\u00f1oles le daban a Victor Manuel y Ana Bel\u00e9n, cuando lo volv\u00ed a encontrar.Asiduo, cuando iba a ciudad de M\u00e9xico del restaurante El Horreo, uno de cuyos socios era el hijo mayor de Belarmino\u00a0Tom\u00e1s, Urcesino, un d\u00eda al enterarse de quien era hijo, le entreg\u00f3\u00a0el poema. Urcesino, lo guardo como un tesoro,y aquel d\u00eda\u00a0 le pidi\u00f3 a Luis Roca de Albornoz, miembros que habia sido del Consejo Soberano de Asturias y Le\u00f3n en 1936 y 1937, por su facilidad de palabra, que se lo leyese. Por supuesto todos nos emocionamos, pero m\u00e1s el cantautor\u00a0Victor Manuel.<\/b><\/p>\n<p><b>Ese d\u00eda V\u00edctor, le pregunt\u00f3 a Urcesino si le podr\u00eda poner m\u00fasica, y Urcesino en su generosidad se lo regal\u00f3, y de ah\u00ed surgi\u00f3 la otra historia.Victor, con su talento la di\u00f3 a conocer en todas partes, hasta aterrizar en los pueblos asturianos, que casi 100 a\u00f1os m\u00e1s tarde la han hecho\u00a0suya.<\/b><\/p>\n<p><strong>\u00bf Que conmovi\u00f3 a Pedro Garfias en sus visitas a Asturias?.\u00a0<\/strong><\/p>\n<p><b>Sin divisiones de ning\u00fan\u00a0tipo encontr\u00f3 por que Asturias fue durante\u00a0\u00a0461 d\u00edas en Gij\u00f3n, el centro no de Asturias, sino de todo el FRENTE NORTE, adem\u00e1s de la dureza de sus hombre aqu\u00ed HAB\u00cdAN\u00a0SUMADO todos,los de la I Internacional con los Anarquistas, los de la II Internacional con los Socialistas y los de la III INternacional, los comunistas, tomando su car\u00e1cter\u00a0proletario que los un\u00edan y dejando a un lado sus diferencias.<\/b><\/p>\n<p><b>SUMAR dejando a un lado lo que los divid\u00eda, respetando a cada uno, conciliando\u00a0 las ideas, los esfuerzos, la organizaci\u00f3n de cada uno de ellos, permiti\u00f3 defenderse de los fascismos\u00a0espa\u00f1oles, italianos y alemanes, siendo un ejemplo mundial su lucha en los treinta.<\/b><\/p>\n<p>&nbsp;<\/p>\n<p>&nbsp;<\/p>\n<p>&nbsp;<\/p>\n<p>&nbsp;<\/p>\n<!-- AddThis Advanced Settings generic via filter on the_content --><!-- AddThis Share Buttons generic via filter on the_content -->","protected":false},"excerpt":{"rendered":"<p>&#8220;\u00bf Como?, \u00bf un poeta espa\u00f1ol del 27 enterrado en Monterrey?, as\u00ed se sorprendi\u00f3 la gran escritora Elena Poniatowska\u00a0, al saber que Pedro Garfias estaba enterrado\u00a0en Monterrey, Nuevo Le\u00f3n.&#8221;No conoc\u00eda la historia hasta que o\u00ed cantar a V\u00edctor\u00a0Manuel&#8221;. A\u00a0 10,000 kms de distancia,\u00a0 sus restos descansan\u00a0en aquella ciudad, donde\u00a0 se emocionar\u00eda si pudiera estar en [&hellip;]<!-- AddThis Advanced Settings generic via filter on get_the_excerpt --><!-- AddThis Share Buttons generic via filter on get_the_excerpt --><\/p>\n","protected":false},"author":16,"featured_media":0,"comment_status":"open","ping_status":"closed","sticky":false,"template":"","format":"standard","meta":[],"categories":[1],"tags":[],"_links":{"self":[{"href":"https:\/\/blogs.elcomercio.es\/reflexiones-de-belarmino\/wp-json\/wp\/v2\/posts\/28171"}],"collection":[{"href":"https:\/\/blogs.elcomercio.es\/reflexiones-de-belarmino\/wp-json\/wp\/v2\/posts"}],"about":[{"href":"https:\/\/blogs.elcomercio.es\/reflexiones-de-belarmino\/wp-json\/wp\/v2\/types\/post"}],"author":[{"embeddable":true,"href":"https:\/\/blogs.elcomercio.es\/reflexiones-de-belarmino\/wp-json\/wp\/v2\/users\/16"}],"replies":[{"embeddable":true,"href":"https:\/\/blogs.elcomercio.es\/reflexiones-de-belarmino\/wp-json\/wp\/v2\/comments?post=28171"}],"version-history":[{"count":3,"href":"https:\/\/blogs.elcomercio.es\/reflexiones-de-belarmino\/wp-json\/wp\/v2\/posts\/28171\/revisions"}],"predecessor-version":[{"id":28174,"href":"https:\/\/blogs.elcomercio.es\/reflexiones-de-belarmino\/wp-json\/wp\/v2\/posts\/28171\/revisions\/28174"}],"wp:attachment":[{"href":"https:\/\/blogs.elcomercio.es\/reflexiones-de-belarmino\/wp-json\/wp\/v2\/media?parent=28171"}],"wp:term":[{"taxonomy":"category","embeddable":true,"href":"https:\/\/blogs.elcomercio.es\/reflexiones-de-belarmino\/wp-json\/wp\/v2\/categories?post=28171"},{"taxonomy":"post_tag","embeddable":true,"href":"https:\/\/blogs.elcomercio.es\/reflexiones-de-belarmino\/wp-json\/wp\/v2\/tags?post=28171"}],"curies":[{"name":"wp","href":"https:\/\/api.w.org\/{rel}","templated":true}]}}