{"id":28196,"date":"2023-01-31T14:07:42","date_gmt":"2023-01-31T13:07:42","guid":{"rendered":"https:\/\/blogs.elcomercio.es\/reflexiones-de-belarmino\/?p=28196"},"modified":"2023-01-31T14:07:42","modified_gmt":"2023-01-31T13:07:42","slug":"ee-uu-no-enviara-cazas-f-16-bajmuth-clave-en-donestk-a-punto-de-caer-chile-y-argentina-solo-ayudaran-a-reconstruir-ucrania","status":"publish","type":"post","link":"https:\/\/blogs.elcomercio.es\/reflexiones-de-belarmino\/2023\/01\/31\/ee-uu-no-enviara-cazas-f-16-bajmuth-clave-en-donestk-a-punto-de-caer-chile-y-argentina-solo-ayudaran-a-reconstruir-ucrania\/","title":{"rendered":"\u00a1\u00a1\u00a1\u00a1EE.UU. NO ENVIAR\u00c1 CAZAS F-16.- BAJMUTH ,CLAVE EN DONESTK A PUNTO DE CAER.- CHILE Y ARGENTINA SOLO AYUDAR\u00c1N A RECONSTRUIR UCRANIA !!!"},"content":{"rendered":"<p><b>Mal d\u00eda\u00a0ayer para Zelenski, que sabe que el punto de inflexi\u00f3n\u00a0no est\u00e1 lejos. La gran batalla por Majmut\u00a0clave para terminar de tomar\u00a0Donetsk la est\u00e1n\u00a0perdiendo.. Los Estados UNidos declararon tajantemente\u00a0a trav\u00e9s del presidente BIden que no enviar\u00e1 los Cazas F-16, mientras en la gira de Scholtz por Am\u00e9rica Latina en busca de apoyo de la regi\u00f3n a Ucrania, pudo percibir, al negarse Argentina y Chile a ayudar a Ucrania, s\u00f3lo para reconstruirla, que esta es una lucha de Occidente contra Rusia, que tienen raz\u00f3n la mitad de los alemanes de oponerse al env\u00edo\u00a0de los Leopard 2.<\/b><\/p>\n<!-- AddThis Advanced Settings generic via filter on the_content --><!-- AddThis Share Buttons generic via filter on the_content -->","protected":false},"excerpt":{"rendered":"<p>Mal d\u00eda\u00a0ayer para Zelenski, que sabe que el punto de inflexi\u00f3n\u00a0no est\u00e1 lejos. La gran batalla por Majmut\u00a0clave para terminar de tomar\u00a0Donetsk la est\u00e1n\u00a0perdiendo.. Los Estados UNidos declararon tajantemente\u00a0a trav\u00e9s del presidente BIden que no enviar\u00e1 los Cazas F-16, mientras en la gira de Scholtz por Am\u00e9rica Latina en busca de apoyo de la regi\u00f3n [&hellip;]<!-- AddThis Advanced Settings generic via filter on get_the_excerpt --><!-- AddThis Share Buttons generic via filter on get_the_excerpt --><\/p>\n","protected":false},"author":16,"featured_media":0,"comment_status":"open","ping_status":"closed","sticky":false,"template":"","format":"standard","meta":[],"categories":[1],"tags":[],"_links":{"self":[{"href":"https:\/\/blogs.elcomercio.es\/reflexiones-de-belarmino\/wp-json\/wp\/v2\/posts\/28196"}],"collection":[{"href":"https:\/\/blogs.elcomercio.es\/reflexiones-de-belarmino\/wp-json\/wp\/v2\/posts"}],"about":[{"href":"https:\/\/blogs.elcomercio.es\/reflexiones-de-belarmino\/wp-json\/wp\/v2\/types\/post"}],"author":[{"embeddable":true,"href":"https:\/\/blogs.elcomercio.es\/reflexiones-de-belarmino\/wp-json\/wp\/v2\/users\/16"}],"replies":[{"embeddable":true,"href":"https:\/\/blogs.elcomercio.es\/reflexiones-de-belarmino\/wp-json\/wp\/v2\/comments?post=28196"}],"version-history":[{"count":2,"href":"https:\/\/blogs.elcomercio.es\/reflexiones-de-belarmino\/wp-json\/wp\/v2\/posts\/28196\/revisions"}],"predecessor-version":[{"id":28198,"href":"https:\/\/blogs.elcomercio.es\/reflexiones-de-belarmino\/wp-json\/wp\/v2\/posts\/28196\/revisions\/28198"}],"wp:attachment":[{"href":"https:\/\/blogs.elcomercio.es\/reflexiones-de-belarmino\/wp-json\/wp\/v2\/media?parent=28196"}],"wp:term":[{"taxonomy":"category","embeddable":true,"href":"https:\/\/blogs.elcomercio.es\/reflexiones-de-belarmino\/wp-json\/wp\/v2\/categories?post=28196"},{"taxonomy":"post_tag","embeddable":true,"href":"https:\/\/blogs.elcomercio.es\/reflexiones-de-belarmino\/wp-json\/wp\/v2\/tags?post=28196"}],"curies":[{"name":"wp","href":"https:\/\/api.w.org\/{rel}","templated":true}]}}