{"id":28199,"date":"2023-01-31T18:04:12","date_gmt":"2023-01-31T17:04:12","guid":{"rendered":"https:\/\/blogs.elcomercio.es\/reflexiones-de-belarmino\/?p=28199"},"modified":"2023-01-31T18:04:12","modified_gmt":"2023-01-31T17:04:12","slug":"casi-1000-especialistas-cubanos-contratados-por-mexico-para-el-derecho-a-la-salud-universal-y-gratuita","status":"publish","type":"post","link":"https:\/\/blogs.elcomercio.es\/reflexiones-de-belarmino\/2023\/01\/31\/casi-1000-especialistas-cubanos-contratados-por-mexico-para-el-derecho-a-la-salud-universal-y-gratuita\/","title":{"rendered":"\u00a1\u00a1\u00a1\u00a1CASI 1,000 ESPECIALISTAS CUBANOS CONTRATADOS POR MEXICO PARA EL DERECHO A LA SALUD UNIVERSAL Y GRATUITA !!!"},"content":{"rendered":"<p><b>Para\u00a0 poder estructurar\u00a0este 2023 e inaugurar el Sistema P\u00fablico\u00a0de Salud, hubo necesidad de poner al d\u00eda los grandes hospitales mexicanos del Instituto Mexicano del Seguro Social y su equipamiento, el hacer lo mismo con hospitales en todo el pa\u00eds, hasta construir hospitales en lugares muy apartados.Hubo\u00a0 que hacer un censo de todas las necesidades y se han informando cada semana en La Ma\u00f1anera.<\/b><\/p>\n<p><b>De la misma forma se hab\u00eda asegurado la compra de medicinas por el gobierno en todo el mundo, federalizado\u00a0al sistema y, como hemos dicho L\u00f3pez\u00a0Obrador ha dejado pagados todos los medicamentos\u00a0que requiere el pa\u00eds en 2023 y 2024.<\/b><\/p>\n<p><b>Pero el gran problema eran los especialistas, por que nadie deseaba ir a los lugares m\u00e1s rec\u00f3nditos. Para solucionarlo, y a punto de salir 20,000 m\u00e9dicos\u00a0generales este a\u00f1o,(se becaron a miles para graduarse), pero la necesidad de los especialistas se ha resuelto contratando m\u00e9dicos e todas partes del mundo, en donde cabe\u00a0 destacar la relaci\u00f3n\u00a0de primer nivel\u00a0que tiene M\u00e9xico con Cuba.<\/b><\/p>\n<p><b>Cuba solidaria, ha realizado un convenio con M\u00e9xico, y ayer llegaron casi a 1,000 los m\u00e9dicos cubanos que se han ido incorporado ya,\u00a0 para integrarse\u00a0en el Sistema de Salud Publica universal y gratuita.Por algo, L\u00f3pez Obrador lucha por un sistema como ele de Dinamarca, donde tampoco hay corrupci\u00f3n.La oposici\u00f3n, se ha reido de hacer algo\u00a0como en Dinamarca, pero yo de L\u00f3pez Obrador no dudo.<\/b><\/p>\n<p><b>Se han basificado a todos los m\u00e9dicos\u00a0y enfermeras que colaboraron\u00a0en la Covid y que en muchos paises se olvidaron de ellos.<\/b><\/p>\n<p><b> Al mismo tiempo que se realiza este a\u00f1o el Corredor Transismico, el Tren Maya, el Banco del Bienestar, este 2023 se inaugurar\u00e1 el IMSS Bienestar que cubrir\u00e1\u00a0a los 14 millones que no tiene ninguna protecci\u00f3n en este momento.<\/b><\/p>\n<p>&nbsp;<\/p>\n<p>&nbsp;<\/p>\n<p>&nbsp;<\/p>\n<!-- AddThis Advanced Settings generic via filter on the_content --><!-- AddThis Share Buttons generic via filter on the_content -->","protected":false},"excerpt":{"rendered":"<p>Para\u00a0 poder estructurar\u00a0este 2023 e inaugurar el Sistema P\u00fablico\u00a0de Salud, hubo necesidad de poner al d\u00eda los grandes hospitales mexicanos del Instituto Mexicano del Seguro Social y su equipamiento, el hacer lo mismo con hospitales en todo el pa\u00eds, hasta construir hospitales en lugares muy apartados.Hubo\u00a0 que hacer un censo de todas las necesidades y [&hellip;]<!-- AddThis Advanced Settings generic via filter on get_the_excerpt --><!-- AddThis Share Buttons generic via filter on get_the_excerpt --><\/p>\n","protected":false},"author":16,"featured_media":0,"comment_status":"open","ping_status":"closed","sticky":false,"template":"","format":"standard","meta":[],"categories":[1],"tags":[],"_links":{"self":[{"href":"https:\/\/blogs.elcomercio.es\/reflexiones-de-belarmino\/wp-json\/wp\/v2\/posts\/28199"}],"collection":[{"href":"https:\/\/blogs.elcomercio.es\/reflexiones-de-belarmino\/wp-json\/wp\/v2\/posts"}],"about":[{"href":"https:\/\/blogs.elcomercio.es\/reflexiones-de-belarmino\/wp-json\/wp\/v2\/types\/post"}],"author":[{"embeddable":true,"href":"https:\/\/blogs.elcomercio.es\/reflexiones-de-belarmino\/wp-json\/wp\/v2\/users\/16"}],"replies":[{"embeddable":true,"href":"https:\/\/blogs.elcomercio.es\/reflexiones-de-belarmino\/wp-json\/wp\/v2\/comments?post=28199"}],"version-history":[{"count":2,"href":"https:\/\/blogs.elcomercio.es\/reflexiones-de-belarmino\/wp-json\/wp\/v2\/posts\/28199\/revisions"}],"predecessor-version":[{"id":28201,"href":"https:\/\/blogs.elcomercio.es\/reflexiones-de-belarmino\/wp-json\/wp\/v2\/posts\/28199\/revisions\/28201"}],"wp:attachment":[{"href":"https:\/\/blogs.elcomercio.es\/reflexiones-de-belarmino\/wp-json\/wp\/v2\/media?parent=28199"}],"wp:term":[{"taxonomy":"category","embeddable":true,"href":"https:\/\/blogs.elcomercio.es\/reflexiones-de-belarmino\/wp-json\/wp\/v2\/categories?post=28199"},{"taxonomy":"post_tag","embeddable":true,"href":"https:\/\/blogs.elcomercio.es\/reflexiones-de-belarmino\/wp-json\/wp\/v2\/tags?post=28199"}],"curies":[{"name":"wp","href":"https:\/\/api.w.org\/{rel}","templated":true}]}}