{"id":28202,"date":"2023-01-31T19:13:45","date_gmt":"2023-01-31T18:13:45","guid":{"rendered":"https:\/\/blogs.elcomercio.es\/reflexiones-de-belarmino\/?p=28202"},"modified":"2023-01-31T19:13:45","modified_gmt":"2023-01-31T18:13:45","slug":"ni-felipe-que-implanto-por-ordenes-de-brandt-el-sistema-neoliberal-ni-iglesias-ni-monterosin-la-madurez-pudieron-lograr-lo-que-nosotros-si-podemos","status":"publish","type":"post","link":"https:\/\/blogs.elcomercio.es\/reflexiones-de-belarmino\/2023\/01\/31\/ni-felipe-que-implanto-por-ordenes-de-brandt-el-sistema-neoliberal-ni-iglesias-ni-monterosin-la-madurez-pudieron-lograr-lo-que-nosotros-si-podemos\/","title":{"rendered":"\u00a1\u00a1\u00a1NI FELIPE, QUE IMPLANT\u00d3 POR ORDENES DE BRANDT EL SISTEMA NEOLIBERAL, NI IGLESIAS NI MONTERO,SIN LA MADUREZ, PUDIERON LOGRAR LO QUE NOSOTROS SI  PODEMOS !!! !!!!"},"content":{"rendered":"<p><b>Unir, sumar, a las fuerzas de la mayor\u00eda social, no ha sido tarea f\u00e1cil. La primera vez que lo intentamos, la derecha aguant\u00f3 cinco a\u00f1os antes de levantarse y aplastarnos.M\u00e1s tarde, donde EE:UU y Alemania utilizando al PSOE, sin la O, que lo que hizo fue fortalecer la vieja Espa\u00f1a con el modelo neoliberal con los Gonz\u00e1lez, Guerra, Boyer o los socialdem\u00f3cratas\u00a0actuales como los viejos Barones del pasado.<\/b><\/p>\n<p><b>De un\u00a0debacle en 1982, el Partido Comunista tard\u00f3 mayo, hasta que las nuevas\u00a0generaciones\u00a0del 15 M, crearon Podemos,un gran paso. Pero sus l\u00edderes\u00a0IGlesias y MOntero,Belarra, no tuvieron la madurez y\u00a0terminar\u00e1n marginados del gran proyecto con Suma.<\/b><\/p>\n<p><b>Lo hab\u00eda iniciado Zapatero, luego Sanchez, ahora con Bola\u00f1os y por parte de la izquierda Yolanda D\u00edaz y Baltasar Garz\u00f3n, ya hay un nivel de madurez para Sumar todas las fuerzas, con respeto a su esfuerzo, a su territorio a sus prerrogativas. La inmadurez de Irene, Iglesias con el Si, es Si, una buena idea no supieron materializar\u00a0el el Congreso,viniendo de los universidades y dando\u00a0ya 15 d\u00edas de ocasi\u00f3n a la derecha para debilitar al Gobierno de Coalici\u00f3n, hasta que S\u00e1nchez, hoy dej\u00f3\u00a0claro: &#8221; La ley va a salir con Podemos o sin ellos&#8221;, mientras la derecha, el PP, ofrece gratuitamente(sic) sus votos para apoyar al gobierno\u00a0 si necesidad de Podemos.<\/b><\/p>\n<p><b>La clave est\u00e1 en diciembre. \u00bf C\u00f3mo hacer para SUMAR conciliando a Podemos, Izquierda Unida, Equo, Mas Pa\u00eds como lo van a hacer en un municipio\u00a0concreto ?<\/b><\/p>\n<p><b>En Asturias es m\u00e1s f\u00e1cil, si sabemos leer bien lo que hicieron nuestros viejos.<\/b><\/p>\n<p><b>Faltan, cuatro meses, Cuatro largos meses.La Asturias heroica que trascendi\u00f3 las fronteras\u00a0en los 30 del siglo pasado, dej\u00f3\u00a0el camino: &#8220;SUMAR, RESPETANDO A CADA UNA DE LAS PARTES, PERO TODOS EN FAVOR DE UN BIEN COM\u00daN&#8221;.<\/b><\/p>\n<p>&nbsp;<\/p>\n<p>&nbsp;<\/p>\n<!-- AddThis Advanced Settings generic via filter on the_content --><!-- AddThis Share Buttons generic via filter on the_content -->","protected":false},"excerpt":{"rendered":"<p>Unir, sumar, a las fuerzas de la mayor\u00eda social, no ha sido tarea f\u00e1cil. La primera vez que lo intentamos, la derecha aguant\u00f3 cinco a\u00f1os antes de levantarse y aplastarnos.M\u00e1s tarde, donde EE:UU y Alemania utilizando al PSOE, sin la O, que lo que hizo fue fortalecer la vieja Espa\u00f1a con el modelo neoliberal con [&hellip;]<!-- AddThis Advanced Settings generic via filter on get_the_excerpt --><!-- AddThis Share Buttons generic via filter on get_the_excerpt --><\/p>\n","protected":false},"author":16,"featured_media":0,"comment_status":"open","ping_status":"closed","sticky":false,"template":"","format":"standard","meta":[],"categories":[1],"tags":[],"_links":{"self":[{"href":"https:\/\/blogs.elcomercio.es\/reflexiones-de-belarmino\/wp-json\/wp\/v2\/posts\/28202"}],"collection":[{"href":"https:\/\/blogs.elcomercio.es\/reflexiones-de-belarmino\/wp-json\/wp\/v2\/posts"}],"about":[{"href":"https:\/\/blogs.elcomercio.es\/reflexiones-de-belarmino\/wp-json\/wp\/v2\/types\/post"}],"author":[{"embeddable":true,"href":"https:\/\/blogs.elcomercio.es\/reflexiones-de-belarmino\/wp-json\/wp\/v2\/users\/16"}],"replies":[{"embeddable":true,"href":"https:\/\/blogs.elcomercio.es\/reflexiones-de-belarmino\/wp-json\/wp\/v2\/comments?post=28202"}],"version-history":[{"count":2,"href":"https:\/\/blogs.elcomercio.es\/reflexiones-de-belarmino\/wp-json\/wp\/v2\/posts\/28202\/revisions"}],"predecessor-version":[{"id":28204,"href":"https:\/\/blogs.elcomercio.es\/reflexiones-de-belarmino\/wp-json\/wp\/v2\/posts\/28202\/revisions\/28204"}],"wp:attachment":[{"href":"https:\/\/blogs.elcomercio.es\/reflexiones-de-belarmino\/wp-json\/wp\/v2\/media?parent=28202"}],"wp:term":[{"taxonomy":"category","embeddable":true,"href":"https:\/\/blogs.elcomercio.es\/reflexiones-de-belarmino\/wp-json\/wp\/v2\/categories?post=28202"},{"taxonomy":"post_tag","embeddable":true,"href":"https:\/\/blogs.elcomercio.es\/reflexiones-de-belarmino\/wp-json\/wp\/v2\/tags?post=28202"}],"curies":[{"name":"wp","href":"https:\/\/api.w.org\/{rel}","templated":true}]}}