{"id":28216,"date":"2023-02-01T12:50:20","date_gmt":"2023-02-01T11:50:20","guid":{"rendered":"https:\/\/blogs.elcomercio.es\/reflexiones-de-belarmino\/?p=28216"},"modified":"2023-02-01T12:50:20","modified_gmt":"2023-02-01T11:50:20","slug":"el-modelo-neoliberal-en-espana-y-en-europa-bbva-gano-6420-millones-de-euros-en-2022-38-5-mas-que-en-2021","status":"publish","type":"post","link":"https:\/\/blogs.elcomercio.es\/reflexiones-de-belarmino\/2023\/02\/01\/el-modelo-neoliberal-en-espana-y-en-europa-bbva-gano-6420-millones-de-euros-en-2022-38-5-mas-que-en-2021\/","title":{"rendered":"\u00a1\u00a1\u00a1\u00a1EL MODELO NEOLIBERAL EN ESPA\u00d1A Y EN EUROPA: BBVA, GAN\u00d3 6,420 MILLONES DE EUROS EN 2022, 38.5 % M\u00c1S  QUE EN 2021!!!"},"content":{"rendered":"<p><b>Mientras se discute si el minimo interprofesional es de 1,040 o de 1,100, con la molestia de los empresarios,\u00a0 estos callan: &#8221; EL BBVA GAN\u00d3\u00a0EN 2022, EL 38.5% MAS: 6,420 MILLONES DE EUROS &#8220;<\/b><\/p>\n<p><b>.\u00bf Alguien cree que no hay que cambiar el sistema, o esperar hasta que este estalle y todos\u00a0<\/b><b>perdemos ?<\/b><\/p>\n<!-- AddThis Advanced Settings generic via filter on the_content --><!-- AddThis Share Buttons generic via filter on the_content -->","protected":false},"excerpt":{"rendered":"<p>Mientras se discute si el minimo interprofesional es de 1,040 o de 1,100, con la molestia de los empresarios,\u00a0 estos callan: &#8221; EL BBVA GAN\u00d3\u00a0EN 2022, EL 38.5% MAS: 6,420 MILLONES DE EUROS &#8220; .\u00bf Alguien cree que no hay que cambiar el sistema, o esperar hasta que este estalle y todos\u00a0perdemos ?<!-- AddThis Advanced Settings generic via filter on get_the_excerpt --><!-- AddThis Share Buttons generic via filter on get_the_excerpt --><\/p>\n","protected":false},"author":16,"featured_media":0,"comment_status":"open","ping_status":"closed","sticky":false,"template":"","format":"standard","meta":[],"categories":[1],"tags":[],"_links":{"self":[{"href":"https:\/\/blogs.elcomercio.es\/reflexiones-de-belarmino\/wp-json\/wp\/v2\/posts\/28216"}],"collection":[{"href":"https:\/\/blogs.elcomercio.es\/reflexiones-de-belarmino\/wp-json\/wp\/v2\/posts"}],"about":[{"href":"https:\/\/blogs.elcomercio.es\/reflexiones-de-belarmino\/wp-json\/wp\/v2\/types\/post"}],"author":[{"embeddable":true,"href":"https:\/\/blogs.elcomercio.es\/reflexiones-de-belarmino\/wp-json\/wp\/v2\/users\/16"}],"replies":[{"embeddable":true,"href":"https:\/\/blogs.elcomercio.es\/reflexiones-de-belarmino\/wp-json\/wp\/v2\/comments?post=28216"}],"version-history":[{"count":2,"href":"https:\/\/blogs.elcomercio.es\/reflexiones-de-belarmino\/wp-json\/wp\/v2\/posts\/28216\/revisions"}],"predecessor-version":[{"id":28218,"href":"https:\/\/blogs.elcomercio.es\/reflexiones-de-belarmino\/wp-json\/wp\/v2\/posts\/28216\/revisions\/28218"}],"wp:attachment":[{"href":"https:\/\/blogs.elcomercio.es\/reflexiones-de-belarmino\/wp-json\/wp\/v2\/media?parent=28216"}],"wp:term":[{"taxonomy":"category","embeddable":true,"href":"https:\/\/blogs.elcomercio.es\/reflexiones-de-belarmino\/wp-json\/wp\/v2\/categories?post=28216"},{"taxonomy":"post_tag","embeddable":true,"href":"https:\/\/blogs.elcomercio.es\/reflexiones-de-belarmino\/wp-json\/wp\/v2\/tags?post=28216"}],"curies":[{"name":"wp","href":"https:\/\/api.w.org\/{rel}","templated":true}]}}