{"id":28221,"date":"2023-02-01T14:03:48","date_gmt":"2023-02-01T13:03:48","guid":{"rendered":"https:\/\/blogs.elcomercio.es\/reflexiones-de-belarmino\/?p=28221"},"modified":"2023-02-01T14:03:48","modified_gmt":"2023-02-01T13:03:48","slug":"erc-acepta-la-modernizacion-de-el-prat-para-cerrar-presupuesto-con-el-psc","status":"publish","type":"post","link":"https:\/\/blogs.elcomercio.es\/reflexiones-de-belarmino\/2023\/02\/01\/erc-acepta-la-modernizacion-de-el-prat-para-cerrar-presupuesto-con-el-psc\/","title":{"rendered":"\u00a1\u00a1\u00a1\u00a1ERC ACEPTA LA MODERNIZACI\u00d3N DE EL PRAT PARA CERRAR PRESUPUESTO CON EL PSC !!!"},"content":{"rendered":"<p><b>Importante avance en Catalu\u00f1a. Tras aquel intento de Puigdemont, que respondi\u00f3 con la fuerza y las Togas el gobierno de Rajoy, han pasado ya tres a\u00f1os. Gracias al Gobierno de Coalici\u00f3n, y en particular a Pedro S\u00e1nchez\u00a0aquel problema cr\u00f3nico, entr\u00f3 en las v\u00edas\u00a0constitucionales y no en las judiciales.Pasaron los 3 a\u00f1os, pasaron la c\u00e1rcel\u00a0Junqueras y otros dirigentes, Puigdemont sigue huido, pero la tensi\u00f3n\u00a0ha bajado, cuando la politica sustituy\u00f3\u00a0a la fuerza.<\/b><\/p>\n<p><b>Nadie lo puede negar. Hoy respetando las ideas de todos, hay conciliaci\u00f3n entre el gobierno de Espa\u00f1a y el Govern de Catalu\u00f1a. El di\u00e1logo\u00a0est\u00e1 abierto y se han sacado los presupuestos conjuntamente con ERC y el PSC.<\/b><\/p>\n<p><strong>Hace un momento se inform\u00f3 que, para cerrar el presupuesto, el Govern, acept\u00f3 la modernizaci\u00f3n de El Prat.<\/strong><\/p>\n<p>&nbsp;<\/p>\n<!-- AddThis Advanced Settings generic via filter on the_content --><!-- AddThis Share Buttons generic via filter on the_content -->","protected":false},"excerpt":{"rendered":"<p>Importante avance en Catalu\u00f1a. Tras aquel intento de Puigdemont, que respondi\u00f3 con la fuerza y las Togas el gobierno de Rajoy, han pasado ya tres a\u00f1os. Gracias al Gobierno de Coalici\u00f3n, y en particular a Pedro S\u00e1nchez\u00a0aquel problema cr\u00f3nico, entr\u00f3 en las v\u00edas\u00a0constitucionales y no en las judiciales.Pasaron los 3 a\u00f1os, pasaron la c\u00e1rcel\u00a0Junqueras y [&hellip;]<!-- AddThis Advanced Settings generic via filter on get_the_excerpt --><!-- AddThis Share Buttons generic via filter on get_the_excerpt --><\/p>\n","protected":false},"author":16,"featured_media":0,"comment_status":"open","ping_status":"closed","sticky":false,"template":"","format":"standard","meta":[],"categories":[1],"tags":[],"_links":{"self":[{"href":"https:\/\/blogs.elcomercio.es\/reflexiones-de-belarmino\/wp-json\/wp\/v2\/posts\/28221"}],"collection":[{"href":"https:\/\/blogs.elcomercio.es\/reflexiones-de-belarmino\/wp-json\/wp\/v2\/posts"}],"about":[{"href":"https:\/\/blogs.elcomercio.es\/reflexiones-de-belarmino\/wp-json\/wp\/v2\/types\/post"}],"author":[{"embeddable":true,"href":"https:\/\/blogs.elcomercio.es\/reflexiones-de-belarmino\/wp-json\/wp\/v2\/users\/16"}],"replies":[{"embeddable":true,"href":"https:\/\/blogs.elcomercio.es\/reflexiones-de-belarmino\/wp-json\/wp\/v2\/comments?post=28221"}],"version-history":[{"count":1,"href":"https:\/\/blogs.elcomercio.es\/reflexiones-de-belarmino\/wp-json\/wp\/v2\/posts\/28221\/revisions"}],"predecessor-version":[{"id":28222,"href":"https:\/\/blogs.elcomercio.es\/reflexiones-de-belarmino\/wp-json\/wp\/v2\/posts\/28221\/revisions\/28222"}],"wp:attachment":[{"href":"https:\/\/blogs.elcomercio.es\/reflexiones-de-belarmino\/wp-json\/wp\/v2\/media?parent=28221"}],"wp:term":[{"taxonomy":"category","embeddable":true,"href":"https:\/\/blogs.elcomercio.es\/reflexiones-de-belarmino\/wp-json\/wp\/v2\/categories?post=28221"},{"taxonomy":"post_tag","embeddable":true,"href":"https:\/\/blogs.elcomercio.es\/reflexiones-de-belarmino\/wp-json\/wp\/v2\/tags?post=28221"}],"curies":[{"name":"wp","href":"https:\/\/api.w.org\/{rel}","templated":true}]}}