{"id":28238,"date":"2023-02-02T18:36:12","date_gmt":"2023-02-02T17:36:12","guid":{"rendered":"https:\/\/blogs.elcomercio.es\/reflexiones-de-belarmino\/?p=28238"},"modified":"2023-02-02T18:36:12","modified_gmt":"2023-02-02T17:36:12","slug":"lula-propone-una-tercera-via-para-terminar-con-la-guerra","status":"publish","type":"post","link":"https:\/\/blogs.elcomercio.es\/reflexiones-de-belarmino\/2023\/02\/02\/lula-propone-una-tercera-via-para-terminar-con-la-guerra\/","title":{"rendered":"\u00a1\u00a1\u00a1\u00a1\u00a1\u00a1LULA PROPONE UNA TERCERA V\u00cdA PARA TERMINAR CON LA GUERRA !!!"},"content":{"rendered":"<p><b>Brasil no es cualquier pa\u00eds.La novena potencia mundial, un enorme pais, y con un presidente de respeto internacional. Hoy, Lula ha planteada una tercera v\u00eda, tras rechazar ayudar, como ayer Chile y antes M\u00e9xico, a Zelenski, que se abra una tercera v\u00eda para la soluci\u00f3n del conflicto entre Rusia y China.Propone\u00a0que la encabece China.<\/b><\/p>\n<!-- AddThis Advanced Settings generic via filter on the_content --><!-- AddThis Share Buttons generic via filter on the_content -->","protected":false},"excerpt":{"rendered":"<p>Brasil no es cualquier pa\u00eds.La novena potencia mundial, un enorme pais, y con un presidente de respeto internacional. Hoy, Lula ha planteada una tercera v\u00eda, tras rechazar ayudar, como ayer Chile y antes M\u00e9xico, a Zelenski, que se abra una tercera v\u00eda para la soluci\u00f3n del conflicto entre Rusia y China.Propone\u00a0que la encabece China.<!-- AddThis Advanced Settings generic via filter on get_the_excerpt --><!-- AddThis Share Buttons generic via filter on get_the_excerpt --><\/p>\n","protected":false},"author":16,"featured_media":0,"comment_status":"open","ping_status":"closed","sticky":false,"template":"","format":"standard","meta":[],"categories":[1],"tags":[],"_links":{"self":[{"href":"https:\/\/blogs.elcomercio.es\/reflexiones-de-belarmino\/wp-json\/wp\/v2\/posts\/28238"}],"collection":[{"href":"https:\/\/blogs.elcomercio.es\/reflexiones-de-belarmino\/wp-json\/wp\/v2\/posts"}],"about":[{"href":"https:\/\/blogs.elcomercio.es\/reflexiones-de-belarmino\/wp-json\/wp\/v2\/types\/post"}],"author":[{"embeddable":true,"href":"https:\/\/blogs.elcomercio.es\/reflexiones-de-belarmino\/wp-json\/wp\/v2\/users\/16"}],"replies":[{"embeddable":true,"href":"https:\/\/blogs.elcomercio.es\/reflexiones-de-belarmino\/wp-json\/wp\/v2\/comments?post=28238"}],"version-history":[{"count":1,"href":"https:\/\/blogs.elcomercio.es\/reflexiones-de-belarmino\/wp-json\/wp\/v2\/posts\/28238\/revisions"}],"predecessor-version":[{"id":28239,"href":"https:\/\/blogs.elcomercio.es\/reflexiones-de-belarmino\/wp-json\/wp\/v2\/posts\/28238\/revisions\/28239"}],"wp:attachment":[{"href":"https:\/\/blogs.elcomercio.es\/reflexiones-de-belarmino\/wp-json\/wp\/v2\/media?parent=28238"}],"wp:term":[{"taxonomy":"category","embeddable":true,"href":"https:\/\/blogs.elcomercio.es\/reflexiones-de-belarmino\/wp-json\/wp\/v2\/categories?post=28238"},{"taxonomy":"post_tag","embeddable":true,"href":"https:\/\/blogs.elcomercio.es\/reflexiones-de-belarmino\/wp-json\/wp\/v2\/tags?post=28238"}],"curies":[{"name":"wp","href":"https:\/\/api.w.org\/{rel}","templated":true}]}}