{"id":28266,"date":"2023-02-03T18:31:36","date_gmt":"2023-02-03T17:31:36","guid":{"rendered":"https:\/\/blogs.elcomercio.es\/reflexiones-de-belarmino\/?p=28266"},"modified":"2023-02-03T18:31:36","modified_gmt":"2023-02-03T17:31:36","slug":"triste-final-ramon-tamames-aspira-a-la-presidencia-y-acepta-la-mocion-de-censura-de-vox-aunque-usted-no-lo-crea","status":"publish","type":"post","link":"https:\/\/blogs.elcomercio.es\/reflexiones-de-belarmino\/2023\/02\/03\/triste-final-ramon-tamames-aspira-a-la-presidencia-y-acepta-la-mocion-de-censura-de-vox-aunque-usted-no-lo-crea\/","title":{"rendered":"\u00a1\u00a1\u00a1\u00a1TRISTE FINAL. &#8220;RAMON TAMAMES, ASPIRA A LA PRESIDENCIA, Y ACEPTA LA MOCI\u00d3N DE CENSURA DE VOX, AUNQUE USTED NO LO CREA !!!"},"content":{"rendered":"<p><b>El economista\u00a0 del Partido Comunista de Espa\u00f1a, con 89 a\u00f1os, y todos sus libros clasicos en todas las universidades espa\u00f1olas,RAM\u00d3N\u00a0TAMAMES\u00a0 ha aceptado ser el hombre de la sociedad civil para la Presidencia del Gobierno de Espa\u00f1a, en la moci\u00f3n de censura que presentar\u00e1 VOX.Elabora con Abascal su discurso para aceptar la presidencia. Triste final de una v\u00eda\u00a0respetada por muchos<\/b><\/p>\n<!-- AddThis Advanced Settings generic via filter on the_content --><!-- AddThis Share Buttons generic via filter on the_content -->","protected":false},"excerpt":{"rendered":"<p>El economista\u00a0 del Partido Comunista de Espa\u00f1a, con 89 a\u00f1os, y todos sus libros clasicos en todas las universidades espa\u00f1olas,RAM\u00d3N\u00a0TAMAMES\u00a0 ha aceptado ser el hombre de la sociedad civil para la Presidencia del Gobierno de Espa\u00f1a, en la moci\u00f3n de censura que presentar\u00e1 VOX.Elabora con Abascal su discurso para aceptar la presidencia. Triste final de [&hellip;]<!-- AddThis Advanced Settings generic via filter on get_the_excerpt --><!-- AddThis Share Buttons generic via filter on get_the_excerpt --><\/p>\n","protected":false},"author":16,"featured_media":0,"comment_status":"open","ping_status":"closed","sticky":false,"template":"","format":"standard","meta":[],"categories":[1],"tags":[],"_links":{"self":[{"href":"https:\/\/blogs.elcomercio.es\/reflexiones-de-belarmino\/wp-json\/wp\/v2\/posts\/28266"}],"collection":[{"href":"https:\/\/blogs.elcomercio.es\/reflexiones-de-belarmino\/wp-json\/wp\/v2\/posts"}],"about":[{"href":"https:\/\/blogs.elcomercio.es\/reflexiones-de-belarmino\/wp-json\/wp\/v2\/types\/post"}],"author":[{"embeddable":true,"href":"https:\/\/blogs.elcomercio.es\/reflexiones-de-belarmino\/wp-json\/wp\/v2\/users\/16"}],"replies":[{"embeddable":true,"href":"https:\/\/blogs.elcomercio.es\/reflexiones-de-belarmino\/wp-json\/wp\/v2\/comments?post=28266"}],"version-history":[{"count":2,"href":"https:\/\/blogs.elcomercio.es\/reflexiones-de-belarmino\/wp-json\/wp\/v2\/posts\/28266\/revisions"}],"predecessor-version":[{"id":28268,"href":"https:\/\/blogs.elcomercio.es\/reflexiones-de-belarmino\/wp-json\/wp\/v2\/posts\/28266\/revisions\/28268"}],"wp:attachment":[{"href":"https:\/\/blogs.elcomercio.es\/reflexiones-de-belarmino\/wp-json\/wp\/v2\/media?parent=28266"}],"wp:term":[{"taxonomy":"category","embeddable":true,"href":"https:\/\/blogs.elcomercio.es\/reflexiones-de-belarmino\/wp-json\/wp\/v2\/categories?post=28266"},{"taxonomy":"post_tag","embeddable":true,"href":"https:\/\/blogs.elcomercio.es\/reflexiones-de-belarmino\/wp-json\/wp\/v2\/tags?post=28266"}],"curies":[{"name":"wp","href":"https:\/\/api.w.org\/{rel}","templated":true}]}}