{"id":28302,"date":"2023-02-05T11:04:55","date_gmt":"2023-02-05T10:04:55","guid":{"rendered":"https:\/\/blogs.elcomercio.es\/reflexiones-de-belarmino\/?p=28302"},"modified":"2023-02-05T11:04:55","modified_gmt":"2023-02-05T10:04:55","slug":"belarmino-10-el-discurso-de-sama-tras-el-regreso-de-oviedo","status":"publish","type":"post","link":"https:\/\/blogs.elcomercio.es\/reflexiones-de-belarmino\/2023\/02\/05\/belarmino-10-el-discurso-de-sama-tras-el-regreso-de-oviedo\/","title":{"rendered":"\u00a1\u00a1\u00a1\u00a1BELARMINO (10).-  EL DISCURSO DE SAMA TRAS EL REGRESO DE OVIEDO !!!!"},"content":{"rendered":"<p><b>Belarmino lleg\u00f3 a las 6 de la tarde a Sama de Langreo.Una multitud esperaba expectante a las puertas del Ayuntamiento. En el interior de la casa consistorial, los miembros del comit\u00e9 regional se reunieron con los lideres de los comit\u00e9s locales.Como Belarmino hab\u00eda augurado,la entrega de los l\u00edderes\u00a0revolucionarios les resultaban\u00a0inaceptables. Y, afuera, muchos estaban dispuestos\u00a0a seguir\u00a0combatiendo. Sab\u00edan que la batalla estaba perdida, pero tem\u00edan la represi\u00f3n de las tropas de Regulares.La apariciu\u00f3n de los miembros del comit\u00e9\u00a0regional en el balc\u00f3n impuso un breve silencios que permiti\u00f3\u00a0a Belarmino Iniciar\u00a0su discurso.<\/b><\/p>\n<p><em><b>\u00a0 \u00a0 \u00a0 \u00a0 \u00a0 &#8221; Camaradas, soldados rojos. Aqu\u00ed ante vosotros sin ning\u00fan temor, seguros de que hemos sabido cumplir con el mandato que nos hab\u00e9is\u00a0confiado, venimos a daros cuenta de la triste situaci\u00f3n en que ha ca\u00eddo\u00a0nuestro glorioso movimiento insurrecto. Vamos a daros cuenta de las conversaciones\u00a0sostenidas con el general del ejercito\u00a0<\/b><\/em><b><i>enemigo, as\u00ed como las bases propuestas\u00a0 por \u00e9ste y que debemos aceptar si queremos la paz.<\/i><\/b><\/p>\n<p><em><b>Tened en cuenta, queridos camaradas que nuestra situaci\u00f3n no es otra que la de un ejercito vencido.Vencido moment\u00e1neamente. Todos, absolutamente\u00a0todos, hemos sabido responder como corresponde a trabajadores revolucionarios. Socialistas, comunistas anarquistas y obreros sin partido empu\u00f1amos las armas para luchar contra el capitalismo, el 5 de octubre, fecha memorable para el proletariado en Asturias.<\/b><\/em><\/p>\n<p><em><strong>Lo que si podemos decir es que el resto de las provincias no han respaldado como era su deber.Y ante ea abstenci\u00f3n han podido combatirnos, no sin antes tener que movilizar cerca de cuarenta mil hombres armados con los medios de guerra m\u00e1s modernos y perfeccionados.<\/strong><\/em><\/p>\n<p><em><b>S\u00f3lo nuestra regi\u00f3n resiste y lucha contra el ejercito y el gobierno de la burgues\u00eda. El resto de la Pen\u00ednsula no da se\u00f1ales de vida en lo que a la insurrecci\u00f3n\u00a0se refiere, si bien en algunas provincias ha sido declarado la huelga general, pero sin pasar a m\u00e1s.<\/b><\/em><\/p>\n<p><em><b>La lucha no se ha planteado como las necesidades exig\u00edan. Exist\u00eda y existe el temor de coger las armas, y ese temor de coger las armas y ese temor por no llamar traici\u00f3n,es lo que ha determinado el fracaso de nuestro movimiento, tan valientemente y con tanto hero\u00edsmo\u00a0hemos sostenido\u00a0aqui por espacio\u00a0de quince d\u00edas.<\/b><\/em><\/p>\n<p><em><b>Tenemos fusiles, ametralladoras, pero nos falta lo esencial que son las municiones. No disponemos de un s\u00f3lo cartucho. En nuestro\u00a0frente los soldados rojos se ven obligados a sostener\u00a0 el avance enemigo, empleando para ellos\u00a0la dinamita.S\u00f3lo con esto pueden los soldados rojos, tener a raya al ejercito adversario.Como comprender\u00e9is, esta situaci\u00f3n no se puede prolongar un d\u00eda m\u00e1s, pues disponerse a resistir\u00a0significa\u00a0el ser copados\u00a0por nuestros enemigos y pasados a cuchillo.<\/b><\/em><\/p>\n<p><em><b>Ninguna ayuda podemos esperar del proletariado del resto de la Pen\u00ednsula, ya que este no es mas que un mero espectador del movimiento\u00a0en Asturias y, ante esta situaci\u00f3n, no es posible seguir luchando por m\u00e1s tiempo con las armas en la mano.<\/b><\/em><\/p>\n<p><em><b>La artiller\u00eda enemiga esta emplazada\u00a0y dispuesta\u00a0a destruir nuestros pueblos. Nadie puede\u00a0saber los estragos causados por la aviaci\u00f3n. Si reflexionamos sin apasionamiento, veremos que s\u00f3lo nos\u00a0queda\u00a0un camino: organizar la paz. Para ello hemos consultado a los comit\u00e9s revolucionarios existentes, as\u00ed\u00a0como a los jefes de grupo que se han reunido en los campos\u00a0de batalla y han dado su opini\u00f3n.El acuerdo adoptado por unos y por otros,as\u00f3 como el Comit\u00e9\u00a0Regional\u00a0ha sido el de tramitar la paz. Asi se ha hecho\u00a0y he aqui las bases presentadas por el general L\u00f3pez\u00a0Ochoa.<\/b><\/em><\/p>\n<p>&nbsp;<\/p>\n<p><b>A continuaci\u00f3n, dio\u00a0lectura\u00a0a las condiciones impuestas por el enemigo.Los trabajadores no aceptaron con facilidad las exigencias para la rendici\u00f3n. Algunos comenzaron a apuntar con sus fusiles hacia el Ayuntamiento\u00a0de, donde Bellarmino\u00a0y el resto del comit\u00e9 permanec\u00edan\u00a0inm\u00f3viles.Durante diez\u00a0angustiosos segundos continuaron los gritos. Despu\u00e9s se produjo un breve silencio que Belarmino aprovecha para continuar.<\/b><\/p>\n<p>&nbsp;<\/p>\n<p><em><b>&#8220;Camaradas si creeis que somos unos traidores como algunos manifiestan, pegadnos un tiro o hacer con nosotros lo que mejor os parezca.Pero no continueis vertiendo sangre cuando\u00a0ya todas las posibilidades\u00a0de \u00e9xito\u00a0est\u00e1n perdidas..<\/b><\/em><\/p>\n<p><em><b>No nos negamos a luchar y seguiremos con las armas en la mano hasta derramar nuestra \u00faltima gota de sangre, siempre que nuestro sacrificio se viera compensado con el triunfo de nuestra insurrecci\u00f3n\u00a0en el Asturias y en el resto de la Pen\u00ednsula. Pero lo que no podemos admitir y claramente os lo manifestamos es seguir luchando in\u00fatilmente.<\/b><\/em><\/p>\n<p><em><b>No es de cobardes deponer las armas cuando claramente se ve que es segura la derrota, derrota que no se puede\u00a0considera como tal, si pensamos en la potencialidad de nuestro enemigo, as\u00ed como en los medios y las armas que este ha tenido que emplear para combatirnos. Nadie absolutamente\u00a0nadie podr\u00e1 borrar\u00a0de la Historia lo que significa nuestra insurrecci\u00f3n. Reflexionad, pues camaradas, y comprender\u00e9is nuestros razonamientos.<\/b><\/em><\/p>\n<p><em><b>La lucha entre el capital y el trabajo no ha terminado y no\u00a0podr\u00e1 terminar en tanto\u00a0que\u00a0los\u00a0obreros y campesinos\u00a0no sean due\u00f1os absolutos del poder. El hecho de organizar la paz con nuestros enemigos no quiere decir que reneguemos de nuestra\u00a0lucha\u00a0de clases. No lo que hacemos hoy es simplemente\u00a0un alto en el camino, en el cual subsanaremos nuestros errores para no volver a caer en los mismos, procurando as\u00ed mismo iempo organizar\u00a0nuestra segunda y pr\u00f3xima batalla, que debe continuar\u00a0con el triunfo total de\u00a0los explotados.<\/b><\/em><\/p>\n<p><em><b>Nada m\u00e1s os decimos, camaradas, siendo nuestra \u00faltima\u00a0palabra un viva a los valientes trabajadores\u00a0de Asturias y a la Revoluci\u00f3n\u00a0Social&#8221;.<\/b><\/em><\/p>\n<p>&nbsp;<\/p>\n<p><b>Los gritos y los murmullos\u00a0aun continuaron durante un tiempo. Despu\u00e9s la masa empez\u00f3\u00a0a disolverse.Muchos tomaron el camino del monte con sus fusiles al hombreo. Belarmino, Amador y otros dirigentes\u00a0salieron\u00a0hacia Bilbao y\u00a0luego a B\u00e9lgica, de donde\u00a0 no regresar\u00edan hasta febrero\u00a0de 1936 al ser\u00a0elegidos diputados.<\/b><\/p>\n<p>&nbsp;<\/p>\n<p>&nbsp;<\/p>\n<p>&nbsp;<\/p>\n<p>&nbsp;<\/p>\n<p>&nbsp;<\/p>\n<p>&nbsp;<\/p>\n<p>&nbsp;<\/p>\n<p>&nbsp;<\/p>\n<p>&nbsp;<\/p>\n<p>&nbsp;<\/p>\n<p>&nbsp;<\/p>\n<!-- AddThis Advanced Settings generic via filter on the_content --><!-- AddThis Share Buttons generic via filter on the_content -->","protected":false},"excerpt":{"rendered":"<p>Belarmino lleg\u00f3 a las 6 de la tarde a Sama de Langreo.Una multitud esperaba expectante a las puertas del Ayuntamiento. En el interior de la casa consistorial, los miembros del comit\u00e9 regional se reunieron con los lideres de los comit\u00e9s locales.Como Belarmino hab\u00eda augurado,la entrega de los l\u00edderes\u00a0revolucionarios les resultaban\u00a0inaceptables. Y, afuera, muchos estaban dispuestos\u00a0a [&hellip;]<!-- AddThis Advanced Settings generic via filter on get_the_excerpt --><!-- AddThis Share Buttons generic via filter on get_the_excerpt --><\/p>\n","protected":false},"author":16,"featured_media":0,"comment_status":"open","ping_status":"closed","sticky":false,"template":"","format":"standard","meta":[],"categories":[1],"tags":[],"_links":{"self":[{"href":"https:\/\/blogs.elcomercio.es\/reflexiones-de-belarmino\/wp-json\/wp\/v2\/posts\/28302"}],"collection":[{"href":"https:\/\/blogs.elcomercio.es\/reflexiones-de-belarmino\/wp-json\/wp\/v2\/posts"}],"about":[{"href":"https:\/\/blogs.elcomercio.es\/reflexiones-de-belarmino\/wp-json\/wp\/v2\/types\/post"}],"author":[{"embeddable":true,"href":"https:\/\/blogs.elcomercio.es\/reflexiones-de-belarmino\/wp-json\/wp\/v2\/users\/16"}],"replies":[{"embeddable":true,"href":"https:\/\/blogs.elcomercio.es\/reflexiones-de-belarmino\/wp-json\/wp\/v2\/comments?post=28302"}],"version-history":[{"count":4,"href":"https:\/\/blogs.elcomercio.es\/reflexiones-de-belarmino\/wp-json\/wp\/v2\/posts\/28302\/revisions"}],"predecessor-version":[{"id":28306,"href":"https:\/\/blogs.elcomercio.es\/reflexiones-de-belarmino\/wp-json\/wp\/v2\/posts\/28302\/revisions\/28306"}],"wp:attachment":[{"href":"https:\/\/blogs.elcomercio.es\/reflexiones-de-belarmino\/wp-json\/wp\/v2\/media?parent=28302"}],"wp:term":[{"taxonomy":"category","embeddable":true,"href":"https:\/\/blogs.elcomercio.es\/reflexiones-de-belarmino\/wp-json\/wp\/v2\/categories?post=28302"},{"taxonomy":"post_tag","embeddable":true,"href":"https:\/\/blogs.elcomercio.es\/reflexiones-de-belarmino\/wp-json\/wp\/v2\/tags?post=28302"}],"curies":[{"name":"wp","href":"https:\/\/api.w.org\/{rel}","templated":true}]}}