{"id":28371,"date":"2023-02-07T19:14:15","date_gmt":"2023-02-07T18:14:15","guid":{"rendered":"https:\/\/blogs.elcomercio.es\/reflexiones-de-belarmino\/?p=28371"},"modified":"2023-02-07T19:14:15","modified_gmt":"2023-02-07T18:14:15","slug":"belarmino-28-la-salida-un-caosdocumento-salamanca","status":"publish","type":"post","link":"https:\/\/blogs.elcomercio.es\/reflexiones-de-belarmino\/2023\/02\/07\/belarmino-28-la-salida-un-caosdocumento-salamanca\/","title":{"rendered":"\u00a1\u00a1\u00a1\u00a1\u00a1BELARMINO (28).- LA SALIDA, UN CAOS(DOCUMENTO SALAMANCA)."},"content":{"rendered":"<p><strong>(Continuamos con el final del documento que localizamos en el Archivo de Salamanca).<\/strong><\/p>\n<p><em><b>&#8221; El Consejo de Asturias y Le\u00f3n se reuni\u00f3 y acord\u00f3 poner en marcha la evacuaci\u00f3n en la forma presentada por el Coronel Prada.Fue un rotundo fracaso.A las siete y\u00a0media de la tarde sen encontraban en el puerto de El Musel la mayor parte de los consejeros.Los batallones\u00a0vascos se hab\u00edan refugiado en los t\u00faneles horas antes, perfectamente organizados para el embarque.Mientras algunos de los guardias que custodiaban el acceso al puerto abandonaban sus puestos para tratar de embarcar.En cambio los consejeros comunistas y republicanos que iban juntos en un cochee fueron detenidos\u00a0por que llevaban una orden\u00a0del Delegado de Gobierno y para entrar a El Musel se necesitaba\u00a0autorizaci\u00f3n\u00a0de Prada.S\u00f3lo gracias a aquellas alturas ya no ten\u00edan\u00a0 el m\u00e1s m\u00ednimo\u00a0inter\u00e9s en seguir las ordenes recibidas pudieron llegar junto a sus compa\u00f1eros.<\/b><\/em><\/p>\n<p><em><b>Desde la seis\u00a0 de la tarde, gran parte del Estado Mayor estaba\u00a0 a bordo del torpedero anclado en la mitad de puerto.Pero hasta las ocho de la tarde no lleg\u00f3 el delegado del GObierno con los consejeros que faltaban.Ya estaban todos en el puerto cuando se encontraron con que no hab\u00eda embarcaci\u00f3n prevista para su evacuaci\u00f3n.En el dique norte, los consejeros de industria, Instrucci\u00f3n P\u00fablica\u00a0y propaganda\u00a0localizaron un pesquero, el Abascal\u00a0con matricula de\u00a0Gij\u00f3n, que estaba embarcando\u00a0gente.Volvieron a donde estaban sus compa\u00f1eros\u00a0los llevaron hasta el barco\u00a0que no ten\u00eda casi provisiones.En compa\u00f1\u00eda\u00a0de varios milicianos y oficiales, haciendo de fogonero el consejero Jos\u00e9\u00a0Maldonado.<\/b><\/em><\/p>\n<p><em><b>El Abascal, con todo el Consejo de Asturias y Le\u00f3n enfil\u00f3 rumbo a Galicia, donde nadie se imaginar\u00eda que ir\u00eda a zona enemiga el Consejo en su totalidad. Cuarenta y seis horas donde los miembros del Consejo pasaron\u00a0a disposici\u00f3n del Gobierno de la Rep\u00fablica.<\/b><\/em><\/p>\n<p><b>En su informe, en Barcelona, sin fecha ni firmas, que fue a parar al archivo\u00a0de los vencedores al final de la guerra, dec\u00edan.<\/b><\/p>\n<p>&#8220;<em><b>Asturias no ha sido vencida\u00a0por el fascismo. Defendi\u00f3\u00a0desde el primer momento, s\u00f3la, como pudo, palmo\u00a0a palmo su territorio. Ayud\u00f3 generosamente, y ello no tiene ning\u00fan m\u00e9rito, a las demas provincias\u00a0del Norte. Cay\u00f3 por agotamiento material de sus hombres y por el desgaste de los que quedaban, as\u00ed como carencia total de material de guerra,pese\u00a0a todas las informaciones que en contrario se hagan.<\/b><\/em><\/p>\n<p><em><b>La evacuaci\u00f3n fue ordenada despu\u00e9s de o\u00edr\u00a0los informes de los jefes militares y con la plena conformidad de los mismos. En este momento, y en prueba de serenidad, no podemos silenciar\u00a0el dolor que nos produce el hecho de que el ej\u00e9rcito\u00a0asturianos haya sido el \u00fanico condenado al sacrificio, ya que por la forma que las tropas estaban situadas y por la forma de ordenar los repliegues, apenas se han podido salvar el 10 % de los soldado asturianos. Se da por desaparecido el Consejo, al desaparecer\u00a0su teritorio..<\/b><\/em><\/p>\n<p><em><b>Antes de su desaparici\u00f3n nos cabe la penosa obligaci\u00f3n de recoger, encauzar\u00a0y resolver en lo que podamos, la situaci\u00f3n\u00a0de los asturianos\u00a0que han llegado a territorio leal. A la clara comprensi\u00f3n del GObierno de la Rep\u00fablica, exponemos estas apresuradas consideraciones para que se nos\u00a0haga la mas estricta justicia&#8221;<\/b><\/em><\/p>\n<p>&nbsp;<\/p>\n<p>&nbsp;<\/p>\n<p>&nbsp;<\/p>\n<!-- AddThis Advanced Settings generic via filter on the_content --><!-- AddThis Share Buttons generic via filter on the_content -->","protected":false},"excerpt":{"rendered":"<p>(Continuamos con el final del documento que localizamos en el Archivo de Salamanca). &#8221; El Consejo de Asturias y Le\u00f3n se reuni\u00f3 y acord\u00f3 poner en marcha la evacuaci\u00f3n en la forma presentada por el Coronel Prada.Fue un rotundo fracaso.A las siete y\u00a0media de la tarde sen encontraban en el puerto de El Musel la [&hellip;]<!-- AddThis Advanced Settings generic via filter on get_the_excerpt --><!-- AddThis Share Buttons generic via filter on get_the_excerpt --><\/p>\n","protected":false},"author":16,"featured_media":0,"comment_status":"open","ping_status":"closed","sticky":false,"template":"","format":"standard","meta":[],"categories":[1],"tags":[],"_links":{"self":[{"href":"https:\/\/blogs.elcomercio.es\/reflexiones-de-belarmino\/wp-json\/wp\/v2\/posts\/28371"}],"collection":[{"href":"https:\/\/blogs.elcomercio.es\/reflexiones-de-belarmino\/wp-json\/wp\/v2\/posts"}],"about":[{"href":"https:\/\/blogs.elcomercio.es\/reflexiones-de-belarmino\/wp-json\/wp\/v2\/types\/post"}],"author":[{"embeddable":true,"href":"https:\/\/blogs.elcomercio.es\/reflexiones-de-belarmino\/wp-json\/wp\/v2\/users\/16"}],"replies":[{"embeddable":true,"href":"https:\/\/blogs.elcomercio.es\/reflexiones-de-belarmino\/wp-json\/wp\/v2\/comments?post=28371"}],"version-history":[{"count":2,"href":"https:\/\/blogs.elcomercio.es\/reflexiones-de-belarmino\/wp-json\/wp\/v2\/posts\/28371\/revisions"}],"predecessor-version":[{"id":28373,"href":"https:\/\/blogs.elcomercio.es\/reflexiones-de-belarmino\/wp-json\/wp\/v2\/posts\/28371\/revisions\/28373"}],"wp:attachment":[{"href":"https:\/\/blogs.elcomercio.es\/reflexiones-de-belarmino\/wp-json\/wp\/v2\/media?parent=28371"}],"wp:term":[{"taxonomy":"category","embeddable":true,"href":"https:\/\/blogs.elcomercio.es\/reflexiones-de-belarmino\/wp-json\/wp\/v2\/categories?post=28371"},{"taxonomy":"post_tag","embeddable":true,"href":"https:\/\/blogs.elcomercio.es\/reflexiones-de-belarmino\/wp-json\/wp\/v2\/tags?post=28371"}],"curies":[{"name":"wp","href":"https:\/\/api.w.org\/{rel}","templated":true}]}}