{"id":28410,"date":"2023-02-09T10:27:06","date_gmt":"2023-02-09T09:27:06","guid":{"rendered":"https:\/\/blogs.elcomercio.es\/reflexiones-de-belarmino\/?p=28410"},"modified":"2023-02-09T10:27:06","modified_gmt":"2023-02-09T09:27:06","slug":"21-fiscales-piden-a-biden-declarar-organizaciones-terroristas-a-los-carteles-mexicanos","status":"publish","type":"post","link":"https:\/\/blogs.elcomercio.es\/reflexiones-de-belarmino\/2023\/02\/09\/21-fiscales-piden-a-biden-declarar-organizaciones-terroristas-a-los-carteles-mexicanos\/","title":{"rendered":"\u00a1\u00a1\u00a121 FISCALES  PIDEN A BIDEN DECLARAR ORGANIZACIONES  TERRORISTAS A LOS CARTELES MEXICANOS !!"},"content":{"rendered":"<p><b>Se esperaban consecuencias imprevisibles del juicio a Sergio Garc\u00eda Luna. Todo lo que ha salido hasta ahora no solo han puesto en la picota a los presidentes de los 5 anteriores gobierno mexicanos, sino que ahora\u00a0toman medidas\u00a0con los Carteles las autoridades norteamericanas.<\/b><\/p>\n<p><b>Ayer 21 fiscales de EE:UU, pidieron considerar a los Carteles de la Droga de M\u00e9xico, como Organizaciones terroristas, pidiendo m\u00e1s recursos y acci\u00f3n contra ellos. Muestran como el Cartel de Sinaloa y el Jalisco Nuevas Generaciones traen de China los opi\u00e1ceos\u00a0para crear las drogas sint\u00e9ticas\u00a0entre ellas el Fentanilo, la droga m\u00e1s mort\u00edfera\u00a0que se conozca,(50 veces superior a la coca y 100 veces superior a la hero\u00edna), que mata al a\u00f1o a 100,000 j\u00f3venes\u00a0de EE:UU:.<\/b><\/p>\n<p><b>Dur\u00edsimo golpe a los Carteles, sobre todo a los creados por Vicente Fox Felipe Calder\u00f3n y Enrique Pe\u00f1a Nieto, que tendr\u00e1 que ver con las condenas en el caso de Garc\u00eda Luna, y que habr\u00e1\u00a0significado un duro\u00a0golpe\u00a0 para sus creadores desde el Estado mexicano.<\/b><\/p>\n<p><strong>Termina la segunda de las 8 semanas, apenas..<\/strong><\/p>\n<p>&nbsp;<\/p>\n<!-- AddThis Advanced Settings generic via filter on the_content --><!-- AddThis Share Buttons generic via filter on the_content -->","protected":false},"excerpt":{"rendered":"<p>Se esperaban consecuencias imprevisibles del juicio a Sergio Garc\u00eda Luna. Todo lo que ha salido hasta ahora no solo han puesto en la picota a los presidentes de los 5 anteriores gobierno mexicanos, sino que ahora\u00a0toman medidas\u00a0con los Carteles las autoridades norteamericanas. Ayer 21 fiscales de EE:UU, pidieron considerar a los Carteles de la Droga [&hellip;]<!-- AddThis Advanced Settings generic via filter on get_the_excerpt --><!-- AddThis Share Buttons generic via filter on get_the_excerpt --><\/p>\n","protected":false},"author":16,"featured_media":0,"comment_status":"open","ping_status":"closed","sticky":false,"template":"","format":"standard","meta":[],"categories":[1],"tags":[],"_links":{"self":[{"href":"https:\/\/blogs.elcomercio.es\/reflexiones-de-belarmino\/wp-json\/wp\/v2\/posts\/28410"}],"collection":[{"href":"https:\/\/blogs.elcomercio.es\/reflexiones-de-belarmino\/wp-json\/wp\/v2\/posts"}],"about":[{"href":"https:\/\/blogs.elcomercio.es\/reflexiones-de-belarmino\/wp-json\/wp\/v2\/types\/post"}],"author":[{"embeddable":true,"href":"https:\/\/blogs.elcomercio.es\/reflexiones-de-belarmino\/wp-json\/wp\/v2\/users\/16"}],"replies":[{"embeddable":true,"href":"https:\/\/blogs.elcomercio.es\/reflexiones-de-belarmino\/wp-json\/wp\/v2\/comments?post=28410"}],"version-history":[{"count":4,"href":"https:\/\/blogs.elcomercio.es\/reflexiones-de-belarmino\/wp-json\/wp\/v2\/posts\/28410\/revisions"}],"predecessor-version":[{"id":28414,"href":"https:\/\/blogs.elcomercio.es\/reflexiones-de-belarmino\/wp-json\/wp\/v2\/posts\/28410\/revisions\/28414"}],"wp:attachment":[{"href":"https:\/\/blogs.elcomercio.es\/reflexiones-de-belarmino\/wp-json\/wp\/v2\/media?parent=28410"}],"wp:term":[{"taxonomy":"category","embeddable":true,"href":"https:\/\/blogs.elcomercio.es\/reflexiones-de-belarmino\/wp-json\/wp\/v2\/categories?post=28410"},{"taxonomy":"post_tag","embeddable":true,"href":"https:\/\/blogs.elcomercio.es\/reflexiones-de-belarmino\/wp-json\/wp\/v2\/tags?post=28410"}],"curies":[{"name":"wp","href":"https:\/\/api.w.org\/{rel}","templated":true}]}}