{"id":28423,"date":"2023-02-09T17:03:52","date_gmt":"2023-02-09T16:03:52","guid":{"rendered":"https:\/\/blogs.elcomercio.es\/reflexiones-de-belarmino\/?p=28423"},"modified":"2023-02-09T17:03:52","modified_gmt":"2023-02-09T16:03:52","slug":"el-parque-purificacion-tomas-o-el-parque-del-paisano","status":"publish","type":"post","link":"https:\/\/blogs.elcomercio.es\/reflexiones-de-belarmino\/2023\/02\/09\/el-parque-purificacion-tomas-o-el-parque-del-paisano\/","title":{"rendered":"\u00a1\u00a1\u00a1\u00a1\u00a1\u00a1 EL PARQUE PURIFICACION TOMAS O EL PARQUE DEL PAISANO !!!"},"content":{"rendered":"<p><strong>Caminaba por\u00a0 aquel hermoso e inesperado parque. Cumpl\u00edan mis hijas 15 a\u00f1os y ,mas que ninguna fiesta, decidieron venir a Oviedo, y mientras pensaba en la historia de aquella mujer, escuche una conversaci\u00f3n de una familia que paseaba con sus hijos: &#8221; \u00bf Ves ese chalet?. Era de una mujer muy rica que se llamaba Purificaci\u00f3n Tom\u00e1s, que le di\u00f3 nombre a este parque que era parte de su fortuna&#8221;.<\/strong><\/p>\n<p><strong>Orgullosamente de la cuenca minera,termin\u00f3 en Oviedo.<\/strong><\/p>\n<p><b>Escuchaba, y recordaba. Desde 1931 que asisti\u00f3 al Campo Escuela a sus 14 a\u00f1os le impresion\u00f3 el Naranco.M\u00e1s tarde al tercer exilio en 1976, antes de que la polic\u00eda\u00a0encerr\u00f3\u00a0a los asistentes en aquel mitin socialista con Tierno Galv\u00e1n, donde estaba ella, , en la Universidad de Oviedo, al salir\u00a0liberados y tomando su &#8220;blanco caliente&#8221;, sus ojos\u00a0miraban a aquel monte y cada vez m\u00e1s pensaba lo importante que ser\u00eda que una partee de \u00e9l, pudieran ser alguna\u00a0vez para los paisanos de a pie, para los emigrantes.Con el tiempo, ser\u00eda concejal\u00a0muy querida del Ayuntamiento\u00a0de Oviedo, cuando se consigui\u00f3 la conquista de una parte de El Naranco, que ser\u00eda\u00a0un parque de 5 hect\u00e1reas, para los paisanos, los j\u00f3venes, los\u00a0<\/b><b>emigrantes. Muri\u00f3 en 1990, y el Ayuntamiento decidi\u00f3 darle su nombre a ese parque.<\/b><\/p>\n<p><b>As\u00ed la\u00a0 despidi\u00f3 Asturias, tras luchar desde los 14 a\u00f1os. Al morir contaba con 72.<\/b><\/p>\n<p><strong><a href=\"https:\/\/static-blogs.elcomercio.es\/wp-content\/uploads\/sites\/15\/2018\/09\/15.jpg\"><img loading=\"lazy\" class=\"alignnone size-large wp-image-5506\" src=\"https:\/\/static-blogs.elcomercio.es\/wp-content\/uploads\/sites\/15\/2018\/09\/15-1024x671.jpg\" alt=\"\" width=\"1024\" height=\"671\" srcset=\"https:\/\/static-blogs.elcomercio.es\/wp-content\/uploads\/sites\/15\/2018\/09\/15-1024x671.jpg 1024w, https:\/\/static-blogs.elcomercio.es\/wp-content\/uploads\/sites\/15\/2018\/09\/15-300x197.jpg 300w, https:\/\/static-blogs.elcomercio.es\/wp-content\/uploads\/sites\/15\/2018\/09\/15-768x503.jpg 768w, https:\/\/static-blogs.elcomercio.es\/wp-content\/uploads\/sites\/15\/2018\/09\/15.jpg 1077w\" sizes=\"(max-width: 1024px) 100vw, 1024px\" \/><\/a><\/strong><\/p>\n<p><strong>PARQUE PURIFICACION TOMAS EN OVIEDO<\/strong><\/p>\n<p><a href=\"https:\/\/static-blogs.elcomercio.es\/wp-content\/uploads\/sites\/15\/2018\/09\/16.jpg\"><img loading=\"lazy\" class=\"alignnone size-large wp-image-5507\" src=\"https:\/\/static-blogs.elcomercio.es\/wp-content\/uploads\/sites\/15\/2018\/09\/16-850x1024.jpg\" alt=\"\" width=\"850\" height=\"1024\" srcset=\"https:\/\/static-blogs.elcomercio.es\/wp-content\/uploads\/sites\/15\/2018\/09\/16-850x1024.jpg 850w, https:\/\/static-blogs.elcomercio.es\/wp-content\/uploads\/sites\/15\/2018\/09\/16-249x300.jpg 249w, https:\/\/static-blogs.elcomercio.es\/wp-content\/uploads\/sites\/15\/2018\/09\/16-768x926.jpg 768w, https:\/\/static-blogs.elcomercio.es\/wp-content\/uploads\/sites\/15\/2018\/09\/16.jpg 1125w\" sizes=\"(max-width: 850px) 100vw, 850px\" \/><\/a><\/p>\n<!-- AddThis Advanced Settings generic via filter on the_content --><!-- AddThis Share Buttons generic via filter on the_content -->","protected":false},"excerpt":{"rendered":"<p>Caminaba por\u00a0 aquel hermoso e inesperado parque. Cumpl\u00edan mis hijas 15 a\u00f1os y ,mas que ninguna fiesta, decidieron venir a Oviedo, y mientras pensaba en la historia de aquella mujer, escuche una conversaci\u00f3n de una familia que paseaba con sus hijos: &#8221; \u00bf Ves ese chalet?. Era de una mujer muy rica que se llamaba [&hellip;]<!-- AddThis Advanced Settings generic via filter on get_the_excerpt --><!-- AddThis Share Buttons generic via filter on get_the_excerpt --><\/p>\n","protected":false},"author":16,"featured_media":0,"comment_status":"open","ping_status":"closed","sticky":false,"template":"","format":"standard","meta":[],"categories":[1],"tags":[],"_links":{"self":[{"href":"https:\/\/blogs.elcomercio.es\/reflexiones-de-belarmino\/wp-json\/wp\/v2\/posts\/28423"}],"collection":[{"href":"https:\/\/blogs.elcomercio.es\/reflexiones-de-belarmino\/wp-json\/wp\/v2\/posts"}],"about":[{"href":"https:\/\/blogs.elcomercio.es\/reflexiones-de-belarmino\/wp-json\/wp\/v2\/types\/post"}],"author":[{"embeddable":true,"href":"https:\/\/blogs.elcomercio.es\/reflexiones-de-belarmino\/wp-json\/wp\/v2\/users\/16"}],"replies":[{"embeddable":true,"href":"https:\/\/blogs.elcomercio.es\/reflexiones-de-belarmino\/wp-json\/wp\/v2\/comments?post=28423"}],"version-history":[{"count":2,"href":"https:\/\/blogs.elcomercio.es\/reflexiones-de-belarmino\/wp-json\/wp\/v2\/posts\/28423\/revisions"}],"predecessor-version":[{"id":28425,"href":"https:\/\/blogs.elcomercio.es\/reflexiones-de-belarmino\/wp-json\/wp\/v2\/posts\/28423\/revisions\/28425"}],"wp:attachment":[{"href":"https:\/\/blogs.elcomercio.es\/reflexiones-de-belarmino\/wp-json\/wp\/v2\/media?parent=28423"}],"wp:term":[{"taxonomy":"category","embeddable":true,"href":"https:\/\/blogs.elcomercio.es\/reflexiones-de-belarmino\/wp-json\/wp\/v2\/categories?post=28423"},{"taxonomy":"post_tag","embeddable":true,"href":"https:\/\/blogs.elcomercio.es\/reflexiones-de-belarmino\/wp-json\/wp\/v2\/tags?post=28423"}],"curies":[{"name":"wp","href":"https:\/\/api.w.org\/{rel}","templated":true}]}}