{"id":28426,"date":"2023-02-09T18:44:38","date_gmt":"2023-02-09T17:44:38","guid":{"rendered":"https:\/\/blogs.elcomercio.es\/reflexiones-de-belarmino\/?p=28426"},"modified":"2023-02-09T18:44:59","modified_gmt":"2023-02-09T17:44:59","slug":"sorpresivamente-el-juez-coganreduce-el-juicio-que-termina-la-semana-proxima-protegera-ee-uu-a-garcia-luna","status":"publish","type":"post","link":"https:\/\/blogs.elcomercio.es\/reflexiones-de-belarmino\/2023\/02\/09\/sorpresivamente-el-juez-coganreduce-el-juicio-que-termina-la-semana-proxima-protegera-ee-uu-a-garcia-luna\/","title":{"rendered":"\u00a1\u00a1\u00a1\u00a1\u00a1\u00a1SORPRESIVAMENTE EL JUEZ COGAN,REDUCE EL JUICIO QUE TERMINA LA SEMANA PR\u00d3XIMA. \u00bfPROTEGER\u00c1 EE.UU. A GARC\u00cdA LUNA ?"},"content":{"rendered":"<p><b>Hace un momento, en forma sorpresiva incluso para los abogados de Sergio Garc\u00eda Luna, el juez Brian Cogan, inform\u00f3\u00a0que la semana pr\u00f3xima, no las 8 semanas que se inform\u00f3, se cierra el juicio. \u00bf PROTEGER\u00c1\u00a0EE.UU. A GARC\u00cdA\u00a0LUNA ?<\/b><\/p>\n<!-- AddThis Advanced Settings generic via filter on the_content --><!-- AddThis Share Buttons generic via filter on the_content -->","protected":false},"excerpt":{"rendered":"<p>Hace un momento, en forma sorpresiva incluso para los abogados de Sergio Garc\u00eda Luna, el juez Brian Cogan, inform\u00f3\u00a0que la semana pr\u00f3xima, no las 8 semanas que se inform\u00f3, se cierra el juicio. \u00bf PROTEGER\u00c1\u00a0EE.UU. A GARC\u00cdA\u00a0LUNA ?<!-- AddThis Advanced Settings generic via filter on get_the_excerpt --><!-- AddThis Share Buttons generic via filter on get_the_excerpt --><\/p>\n","protected":false},"author":16,"featured_media":0,"comment_status":"open","ping_status":"closed","sticky":false,"template":"","format":"standard","meta":[],"categories":[1],"tags":[],"_links":{"self":[{"href":"https:\/\/blogs.elcomercio.es\/reflexiones-de-belarmino\/wp-json\/wp\/v2\/posts\/28426"}],"collection":[{"href":"https:\/\/blogs.elcomercio.es\/reflexiones-de-belarmino\/wp-json\/wp\/v2\/posts"}],"about":[{"href":"https:\/\/blogs.elcomercio.es\/reflexiones-de-belarmino\/wp-json\/wp\/v2\/types\/post"}],"author":[{"embeddable":true,"href":"https:\/\/blogs.elcomercio.es\/reflexiones-de-belarmino\/wp-json\/wp\/v2\/users\/16"}],"replies":[{"embeddable":true,"href":"https:\/\/blogs.elcomercio.es\/reflexiones-de-belarmino\/wp-json\/wp\/v2\/comments?post=28426"}],"version-history":[{"count":3,"href":"https:\/\/blogs.elcomercio.es\/reflexiones-de-belarmino\/wp-json\/wp\/v2\/posts\/28426\/revisions"}],"predecessor-version":[{"id":28429,"href":"https:\/\/blogs.elcomercio.es\/reflexiones-de-belarmino\/wp-json\/wp\/v2\/posts\/28426\/revisions\/28429"}],"wp:attachment":[{"href":"https:\/\/blogs.elcomercio.es\/reflexiones-de-belarmino\/wp-json\/wp\/v2\/media?parent=28426"}],"wp:term":[{"taxonomy":"category","embeddable":true,"href":"https:\/\/blogs.elcomercio.es\/reflexiones-de-belarmino\/wp-json\/wp\/v2\/categories?post=28426"},{"taxonomy":"post_tag","embeddable":true,"href":"https:\/\/blogs.elcomercio.es\/reflexiones-de-belarmino\/wp-json\/wp\/v2\/tags?post=28426"}],"curies":[{"name":"wp","href":"https:\/\/api.w.org\/{rel}","templated":true}]}}