{"id":28444,"date":"2023-02-10T12:35:00","date_gmt":"2023-02-10T11:35:00","guid":{"rendered":"https:\/\/blogs.elcomercio.es\/reflexiones-de-belarmino\/?p=28444"},"modified":"2023-02-10T12:35:00","modified_gmt":"2023-02-10T11:35:00","slug":"entre-mareas-del-cantabrico-al-caribe-1-los-83","status":"publish","type":"post","link":"https:\/\/blogs.elcomercio.es\/reflexiones-de-belarmino\/2023\/02\/10\/entre-mareas-del-cantabrico-al-caribe-1-los-83\/","title":{"rendered":"\u00a1\u00a1\u00a1\u00a1\u00a1&#8221;\u00a1ENTRE MAREAS, DEL CANT\u00c1BRICO AL CARIBE&#8221; ( 1). LOS 83 !!!!!"},"content":{"rendered":"<p><b>Hoy al levantarme te\u00a0tuve un sensaci\u00f3n extra\u00f1a. Parec\u00eda\u00a0que hab\u00eda nacido el 10 de febrero de 1940 en el Sanatorio Espa\u00f1ol de ciudad de M\u00e9xico. Pero la diferencia era que ten\u00eda un rica vida consolidada de 83 a\u00f1os, y que, libre como ele viento, satisfecho iniciaba mi segunda vida.<\/b><\/p>\n<p><strong>En Asturias, tuve la serenidad para escribir lo que recuerdo de mi vida, desde los 3 a\u00f1os, hasta hoy. Han sido 300 cuartillas, gracias a la memoria que surgi\u00f3 del proceso asturiano.<\/strong><\/p>\n<p><b>Hoy presento 4 fotograf\u00edas\u00a0<\/b><b>s\u00edntesis. La portada. Es una foto con mis hijas, el general de Seguridad Publica y mi secretaria Eva Gudi\u00f1o, en el altar de lo que ser\u00eda la \u00faltima misa de Juan Pablo II, en M\u00e9xico, con 3,500,000 de asistentes. Sin esperarlo el nieto de Belarmino le cay\u00f3 all\u00ed el Papa y fue una gran experiencia.<a href=\"https:\/\/static-blogs.elcomercio.es\/wp-content\/uploads\/sites\/15\/2023\/02\/doc01029920230210120046_001.jpg\"><img loading=\"lazy\" class=\"alignnone size-large wp-image-28440\" src=\"https:\/\/static-blogs.elcomercio.es\/wp-content\/uploads\/sites\/15\/2023\/02\/doc01029920230210120046_001-724x1024.jpg\" alt=\"\" width=\"724\" height=\"1024\" srcset=\"https:\/\/static-blogs.elcomercio.es\/wp-content\/uploads\/sites\/15\/2023\/02\/doc01029920230210120046_001-724x1024.jpg 724w, https:\/\/static-blogs.elcomercio.es\/wp-content\/uploads\/sites\/15\/2023\/02\/doc01029920230210120046_001-212x300.jpg 212w, https:\/\/static-blogs.elcomercio.es\/wp-content\/uploads\/sites\/15\/2023\/02\/doc01029920230210120046_001-768x1086.jpg 768w\" sizes=\"(max-width: 724px) 100vw, 724px\" \/><\/a><\/b><\/p>\n<!-- AddThis Advanced Settings generic via filter on the_content --><!-- AddThis Share Buttons generic via filter on the_content -->","protected":false},"excerpt":{"rendered":"<p>Hoy al levantarme te\u00a0tuve un sensaci\u00f3n extra\u00f1a. Parec\u00eda\u00a0que hab\u00eda nacido el 10 de febrero de 1940 en el Sanatorio Espa\u00f1ol de ciudad de M\u00e9xico. Pero la diferencia era que ten\u00eda un rica vida consolidada de 83 a\u00f1os, y que, libre como ele viento, satisfecho iniciaba mi segunda vida. En Asturias, tuve la serenidad para escribir [&hellip;]<!-- AddThis Advanced Settings generic via filter on get_the_excerpt --><!-- AddThis Share Buttons generic via filter on get_the_excerpt --><\/p>\n","protected":false},"author":16,"featured_media":0,"comment_status":"open","ping_status":"closed","sticky":false,"template":"","format":"standard","meta":[],"categories":[1],"tags":[],"_links":{"self":[{"href":"https:\/\/blogs.elcomercio.es\/reflexiones-de-belarmino\/wp-json\/wp\/v2\/posts\/28444"}],"collection":[{"href":"https:\/\/blogs.elcomercio.es\/reflexiones-de-belarmino\/wp-json\/wp\/v2\/posts"}],"about":[{"href":"https:\/\/blogs.elcomercio.es\/reflexiones-de-belarmino\/wp-json\/wp\/v2\/types\/post"}],"author":[{"embeddable":true,"href":"https:\/\/blogs.elcomercio.es\/reflexiones-de-belarmino\/wp-json\/wp\/v2\/users\/16"}],"replies":[{"embeddable":true,"href":"https:\/\/blogs.elcomercio.es\/reflexiones-de-belarmino\/wp-json\/wp\/v2\/comments?post=28444"}],"version-history":[{"count":1,"href":"https:\/\/blogs.elcomercio.es\/reflexiones-de-belarmino\/wp-json\/wp\/v2\/posts\/28444\/revisions"}],"predecessor-version":[{"id":28445,"href":"https:\/\/blogs.elcomercio.es\/reflexiones-de-belarmino\/wp-json\/wp\/v2\/posts\/28444\/revisions\/28445"}],"wp:attachment":[{"href":"https:\/\/blogs.elcomercio.es\/reflexiones-de-belarmino\/wp-json\/wp\/v2\/media?parent=28444"}],"wp:term":[{"taxonomy":"category","embeddable":true,"href":"https:\/\/blogs.elcomercio.es\/reflexiones-de-belarmino\/wp-json\/wp\/v2\/categories?post=28444"},{"taxonomy":"post_tag","embeddable":true,"href":"https:\/\/blogs.elcomercio.es\/reflexiones-de-belarmino\/wp-json\/wp\/v2\/tags?post=28444"}],"curies":[{"name":"wp","href":"https:\/\/api.w.org\/{rel}","templated":true}]}}