{"id":28456,"date":"2023-02-10T18:23:44","date_gmt":"2023-02-10T17:23:44","guid":{"rendered":"https:\/\/blogs.elcomercio.es\/reflexiones-de-belarmino\/?p=28456"},"modified":"2023-02-10T18:23:44","modified_gmt":"2023-02-10T17:23:44","slug":"los-chinos-saben-latin-por-ello-ante-el-crecimiento-que-se-espera-y-la-recesion-de-ee-uu-no-les-interesa-hablar-de-ahi-el-globo","status":"publish","type":"post","link":"https:\/\/blogs.elcomercio.es\/reflexiones-de-belarmino\/2023\/02\/10\/los-chinos-saben-latin-por-ello-ante-el-crecimiento-que-se-espera-y-la-recesion-de-ee-uu-no-les-interesa-hablar-de-ahi-el-globo\/","title":{"rendered":"\u00a1\u00a1\u00a1\u00a1\u00a1LOS CHINOS &#8220;SABEN LAT\u00cdN&#8221;, POR ELLO, ANTE EL CRECIMIENTO QUE SE ESPERA Y LA RECESI\u00d3N DE EE.UU. NO LES INTERESA HABLAR. DE AH\u00cd EL GLOBO !!!!"},"content":{"rendered":"<p><b>Ya no los Estados Unidos, ni siquiera la Gran Breta\u00f1a exist\u00edan cuando\u00a0los chinos ya florec\u00edan, 2,000 a\u00f1os antes de Cristo. &#8220;Saben lat\u00edn\u00a0&#8220;, por ello avanzan\u00a0como\u00a0nadie.Con Xi Jinping, China se fij\u00f3 dos metas: En el 2021,\u00a0 cien a\u00f1os de la constituci\u00f3n del Partido Comunista Chino, era llevar al pa\u00eds, a su sociedad a un nivel\u00a0 relativamente c\u00f3modo. Sacando millones de la pobreza lo lograron.La segunda, para 2049, cent\u00e9simo aniversario de la Revoluci\u00f3n China que logr\u00f3 Mao Tse Tung, es presentar la Via China al Socialismo.Ellos no van por la pr\u00f3xima elecci\u00f3n, sino por la pr\u00f3xima\u00a0generaci\u00f3n.<\/b><\/p>\n<p><b>Hace tres a\u00f1os que ning\u00fan miembro\u00a0del gobierno de EE:UU. est\u00e1 con Xi Jinping. Hace meses que en el Departamento de Estado hab\u00edan preparado el primer encuentro\u00a0de nivel con la visita de Anthony\u00a0Blinken, Secretario de Estado.Y a dos semanas, de una reuni\u00f3n que no les interesaba mandaron el globo sobre el espacio a\u00e9reo\u00a0de EE:UU, que estos derribaron pero que dio al traste con el viaje de Blinken..<\/b><\/p>\n<p><b>Los chinos no quieren encuentros con Estados Unidos por dos razones: la primera es por que todas las estimaciones internacional, hablan\u00a0de que tras la politica Covid Cero, el\u00a0 crecimiento de China ir\u00e1 en ascenso, como tambi\u00e9n hablan de la recesi\u00f3n que espera este a\u00f1os a los Estados Unidos.<\/b><\/p>\n<p><b>Con el conflicto entre Occidente y Rusia, China, que sabe que finalmente ser\u00e1 el principal interlocutor, no le interesa, en estos momentos\u00a0y por varios meses reunirse\u00a0con Estados Unidos.<\/b><\/p>\n<p><strong>Y fueron tan finos, que no necesitaron decir que no, sino&#8230;.les mandaron el Globo.<\/strong><\/p>\n<p><strong>Reitero, China &#8220;sabe lat\u00edn&#8221;&#8230;.<\/strong><\/p>\n<p>&nbsp;<\/p>\n<p>&nbsp;<\/p>\n<!-- AddThis Advanced Settings generic via filter on the_content --><!-- AddThis Share Buttons generic via filter on the_content -->","protected":false},"excerpt":{"rendered":"<p>Ya no los Estados Unidos, ni siquiera la Gran Breta\u00f1a exist\u00edan cuando\u00a0los chinos ya florec\u00edan, 2,000 a\u00f1os antes de Cristo. &#8220;Saben lat\u00edn\u00a0&#8220;, por ello avanzan\u00a0como\u00a0nadie.Con Xi Jinping, China se fij\u00f3 dos metas: En el 2021,\u00a0 cien a\u00f1os de la constituci\u00f3n del Partido Comunista Chino, era llevar al pa\u00eds, a su sociedad a un nivel\u00a0 relativamente [&hellip;]<!-- AddThis Advanced Settings generic via filter on get_the_excerpt --><!-- AddThis Share Buttons generic via filter on get_the_excerpt --><\/p>\n","protected":false},"author":16,"featured_media":0,"comment_status":"open","ping_status":"closed","sticky":false,"template":"","format":"standard","meta":[],"categories":[1],"tags":[],"_links":{"self":[{"href":"https:\/\/blogs.elcomercio.es\/reflexiones-de-belarmino\/wp-json\/wp\/v2\/posts\/28456"}],"collection":[{"href":"https:\/\/blogs.elcomercio.es\/reflexiones-de-belarmino\/wp-json\/wp\/v2\/posts"}],"about":[{"href":"https:\/\/blogs.elcomercio.es\/reflexiones-de-belarmino\/wp-json\/wp\/v2\/types\/post"}],"author":[{"embeddable":true,"href":"https:\/\/blogs.elcomercio.es\/reflexiones-de-belarmino\/wp-json\/wp\/v2\/users\/16"}],"replies":[{"embeddable":true,"href":"https:\/\/blogs.elcomercio.es\/reflexiones-de-belarmino\/wp-json\/wp\/v2\/comments?post=28456"}],"version-history":[{"count":4,"href":"https:\/\/blogs.elcomercio.es\/reflexiones-de-belarmino\/wp-json\/wp\/v2\/posts\/28456\/revisions"}],"predecessor-version":[{"id":28460,"href":"https:\/\/blogs.elcomercio.es\/reflexiones-de-belarmino\/wp-json\/wp\/v2\/posts\/28456\/revisions\/28460"}],"wp:attachment":[{"href":"https:\/\/blogs.elcomercio.es\/reflexiones-de-belarmino\/wp-json\/wp\/v2\/media?parent=28456"}],"wp:term":[{"taxonomy":"category","embeddable":true,"href":"https:\/\/blogs.elcomercio.es\/reflexiones-de-belarmino\/wp-json\/wp\/v2\/categories?post=28456"},{"taxonomy":"post_tag","embeddable":true,"href":"https:\/\/blogs.elcomercio.es\/reflexiones-de-belarmino\/wp-json\/wp\/v2\/tags?post=28456"}],"curies":[{"name":"wp","href":"https:\/\/api.w.org\/{rel}","templated":true}]}}