{"id":28565,"date":"2023-02-15T10:13:45","date_gmt":"2023-02-15T09:13:45","guid":{"rendered":"https:\/\/blogs.elcomercio.es\/reflexiones-de-belarmino\/?p=28565"},"modified":"2023-02-15T10:13:45","modified_gmt":"2023-02-15T09:13:45","slug":"vox-el-mas-inteligente-aprovecha-las-pugnas-de-siempre-de-la-izquierda-y-la-novatez-de-feijoo-no-sabemos-lo-que-es-el-fascismo","status":"publish","type":"post","link":"https:\/\/blogs.elcomercio.es\/reflexiones-de-belarmino\/2023\/02\/15\/vox-el-mas-inteligente-aprovecha-las-pugnas-de-siempre-de-la-izquierda-y-la-novatez-de-feijoo-no-sabemos-lo-que-es-el-fascismo\/","title":{"rendered":"\u00a1\u00a1\u00a1\u00a1\u00a1VOX , EL M\u00c1S INTELIGENTE, APROVECHA LAS PUGNAS DE SIEMPRE DE LA IZQUIERDA Y LA NOVATEZ DE FEIJ\u00d3O. NO SABEMOS LO QUE ES EL FASCISMO !!!"},"content":{"rendered":"<p><b>Febrero 15 del 2023.A 90\u00a0 d\u00edas de las Municipales. Ante una sociedad que no hemos vivido al fascismo, que se les ha ocultado su pasado, que no\u00a0sabe que, por haber\u00a0entrado al gobierno en 1934 la CEDA( el Vox de hoy), se precipit\u00f3 el alzamiento que dio\u00a0entrada a una de las \u00e9pocas m\u00e1s negras modernas\u00a0de Espa\u00f1a, se repite la historia. Un pais que no ha sabido encontrar el modelo de estado, con una sociedad partida en dos, con una izquierda, como casi siempre, dividida, con un lider regional llamado Feij\u00f3o, que ha mostrado no tener nivel, lo aprovecha, el \u00fanico que sabe lo que\u00a0hace, VOX.<\/b><\/p>\n<p><b>Sabe\u00a0muy bien, lo huele, que por lo anterior, est\u00e1 cerca\u00a0de entrar al gobierno, ya no s\u00f3lo de las autonom\u00edas sino nacionales.<\/b><\/p>\n<p><b>La trampa de la Transici\u00f3n Gatopardista, el ocultar el pasado, y no saber dirimir nuestra enfrentamiento\u00a0de\u00a0siempre, cainita, entre &#8220;las dos Espa\u00f1as&#8221;, est\u00e1 a p\u00f9nto, si no hay rectificaciones de la izquierda de llevarnos a otro gobierno de la derecha M\u00c1S\u00a0VOX.<\/b><\/p>\n<p><b>Transmitimos\u00a0la preocupaci\u00f2n.<\/b><\/p>\n<p>&nbsp;<\/p>\n<!-- AddThis Advanced Settings generic via filter on the_content --><!-- AddThis Share Buttons generic via filter on the_content -->","protected":false},"excerpt":{"rendered":"<p>Febrero 15 del 2023.A 90\u00a0 d\u00edas de las Municipales. Ante una sociedad que no hemos vivido al fascismo, que se les ha ocultado su pasado, que no\u00a0sabe que, por haber\u00a0entrado al gobierno en 1934 la CEDA( el Vox de hoy), se precipit\u00f3 el alzamiento que dio\u00a0entrada a una de las \u00e9pocas m\u00e1s negras modernas\u00a0de Espa\u00f1a, [&hellip;]<!-- AddThis Advanced Settings generic via filter on get_the_excerpt --><!-- AddThis Share Buttons generic via filter on get_the_excerpt --><\/p>\n","protected":false},"author":16,"featured_media":0,"comment_status":"open","ping_status":"closed","sticky":false,"template":"","format":"standard","meta":[],"categories":[1],"tags":[],"_links":{"self":[{"href":"https:\/\/blogs.elcomercio.es\/reflexiones-de-belarmino\/wp-json\/wp\/v2\/posts\/28565"}],"collection":[{"href":"https:\/\/blogs.elcomercio.es\/reflexiones-de-belarmino\/wp-json\/wp\/v2\/posts"}],"about":[{"href":"https:\/\/blogs.elcomercio.es\/reflexiones-de-belarmino\/wp-json\/wp\/v2\/types\/post"}],"author":[{"embeddable":true,"href":"https:\/\/blogs.elcomercio.es\/reflexiones-de-belarmino\/wp-json\/wp\/v2\/users\/16"}],"replies":[{"embeddable":true,"href":"https:\/\/blogs.elcomercio.es\/reflexiones-de-belarmino\/wp-json\/wp\/v2\/comments?post=28565"}],"version-history":[{"count":3,"href":"https:\/\/blogs.elcomercio.es\/reflexiones-de-belarmino\/wp-json\/wp\/v2\/posts\/28565\/revisions"}],"predecessor-version":[{"id":28568,"href":"https:\/\/blogs.elcomercio.es\/reflexiones-de-belarmino\/wp-json\/wp\/v2\/posts\/28565\/revisions\/28568"}],"wp:attachment":[{"href":"https:\/\/blogs.elcomercio.es\/reflexiones-de-belarmino\/wp-json\/wp\/v2\/media?parent=28565"}],"wp:term":[{"taxonomy":"category","embeddable":true,"href":"https:\/\/blogs.elcomercio.es\/reflexiones-de-belarmino\/wp-json\/wp\/v2\/categories?post=28565"},{"taxonomy":"post_tag","embeddable":true,"href":"https:\/\/blogs.elcomercio.es\/reflexiones-de-belarmino\/wp-json\/wp\/v2\/tags?post=28565"}],"curies":[{"name":"wp","href":"https:\/\/api.w.org\/{rel}","templated":true}]}}