{"id":28604,"date":"2023-02-16T19:25:33","date_gmt":"2023-02-16T18:25:33","guid":{"rendered":"https:\/\/blogs.elcomercio.es\/reflexiones-de-belarmino\/?p=28604"},"modified":"2023-02-16T19:25:33","modified_gmt":"2023-02-16T18:25:33","slug":"rusia-va-contra-el-mundo-unipolar-de-occidente-declaro-lavrov-ante-corresponsales-extranjeros","status":"publish","type":"post","link":"https:\/\/blogs.elcomercio.es\/reflexiones-de-belarmino\/2023\/02\/16\/rusia-va-contra-el-mundo-unipolar-de-occidente-declaro-lavrov-ante-corresponsales-extranjeros\/","title":{"rendered":"\u00a1\u00a1\u00a1\u00a1 &#8221; RUSIA VA  CONTRA EL MUNDO UNIPOLAR DE OCCIDENTE&#8221;,.- DECLAR\u00d3 LAVROV, ANTE CORRESPONSALES EXTRANJEROS !!!"},"content":{"rendered":"<p><b>&#8220;La Constituci\u00f3n Rusa est\u00e1 por encima de todos los tratados\u00a0internacionales. Rusia va\u00a0contra la obsesi\u00f3n de Occidente que trata de mantener el mundo Unipolar y tomaremos cuidadosamente todas las acciones que sean necesarias en cuanto a los acuerdos mundiales que se tomen contra ellos&#8221; declar\u00f3 en el m\u00e1s fuerte y claro discurso de Lavrov, el MInistro\u00a0de Exteriores ante la Duma, y luego ante los corresponsales extranjeros\u00a0acreditados en Rusia, con quienes se explay\u00f3 y luego contesto &#8220;off de record&#8221; todas las preguntas que le hicieron.<\/b><\/p>\n<p><b>Ha sido el m\u00e1s claro y contundente discurso de lo que piensa Rusia, y Put\u00edn (que posiblemente sea un tibio dirigente, viendo a lo\u00a0que hay a su alrededor).<\/b><\/p>\n<p><strong>Occidente no va poder acabar con Rusia, y en cambio toda la acci\u00f3n armada y no armada, parece haber consolidado a Rusia alrededor de Vladimir Putin.<\/strong><\/p>\n<p><b>( Destacamos\u00a0que entre los tratados internacionales o las colaboraciones, quedar\u00e1n\u00a0fuera por parte de Rusia, cualquier acuerdo sobre armas\u00a0nucleares y el uso de la \u00fanica estaci\u00f3n espacial que la rusa, independientemente de lo que haga China ).<\/b><\/p>\n<p><b>Rusia decidi\u00f3 pasar internacionalmente\u00a0a la ofensiva ayer, tras el control de Bahamut\u00a0y controlar ya Donetsk, Lugansk, Zaporiyia, Jerson, tras haber conquistado el Mar de Azov y su ciudad central Mariupol, y por supuesto Crimea.<\/b><\/p>\n<p><strong>Rusia no es Irak.<\/strong><\/p>\n<p>&nbsp;<\/p>\n<p>&nbsp;<\/p>\n<!-- AddThis Advanced Settings generic via filter on the_content --><!-- AddThis Share Buttons generic via filter on the_content -->","protected":false},"excerpt":{"rendered":"<p>&#8220;La Constituci\u00f3n Rusa est\u00e1 por encima de todos los tratados\u00a0internacionales. Rusia va\u00a0contra la obsesi\u00f3n de Occidente que trata de mantener el mundo Unipolar y tomaremos cuidadosamente todas las acciones que sean necesarias en cuanto a los acuerdos mundiales que se tomen contra ellos&#8221; declar\u00f3 en el m\u00e1s fuerte y claro discurso de Lavrov, el MInistro\u00a0de [&hellip;]<!-- AddThis Advanced Settings generic via filter on get_the_excerpt --><!-- AddThis Share Buttons generic via filter on get_the_excerpt --><\/p>\n","protected":false},"author":16,"featured_media":0,"comment_status":"open","ping_status":"closed","sticky":false,"template":"","format":"standard","meta":[],"categories":[1],"tags":[],"_links":{"self":[{"href":"https:\/\/blogs.elcomercio.es\/reflexiones-de-belarmino\/wp-json\/wp\/v2\/posts\/28604"}],"collection":[{"href":"https:\/\/blogs.elcomercio.es\/reflexiones-de-belarmino\/wp-json\/wp\/v2\/posts"}],"about":[{"href":"https:\/\/blogs.elcomercio.es\/reflexiones-de-belarmino\/wp-json\/wp\/v2\/types\/post"}],"author":[{"embeddable":true,"href":"https:\/\/blogs.elcomercio.es\/reflexiones-de-belarmino\/wp-json\/wp\/v2\/users\/16"}],"replies":[{"embeddable":true,"href":"https:\/\/blogs.elcomercio.es\/reflexiones-de-belarmino\/wp-json\/wp\/v2\/comments?post=28604"}],"version-history":[{"count":1,"href":"https:\/\/blogs.elcomercio.es\/reflexiones-de-belarmino\/wp-json\/wp\/v2\/posts\/28604\/revisions"}],"predecessor-version":[{"id":28605,"href":"https:\/\/blogs.elcomercio.es\/reflexiones-de-belarmino\/wp-json\/wp\/v2\/posts\/28604\/revisions\/28605"}],"wp:attachment":[{"href":"https:\/\/blogs.elcomercio.es\/reflexiones-de-belarmino\/wp-json\/wp\/v2\/media?parent=28604"}],"wp:term":[{"taxonomy":"category","embeddable":true,"href":"https:\/\/blogs.elcomercio.es\/reflexiones-de-belarmino\/wp-json\/wp\/v2\/categories?post=28604"},{"taxonomy":"post_tag","embeddable":true,"href":"https:\/\/blogs.elcomercio.es\/reflexiones-de-belarmino\/wp-json\/wp\/v2\/tags?post=28604"}],"curies":[{"name":"wp","href":"https:\/\/api.w.org\/{rel}","templated":true}]}}