{"id":28711,"date":"2023-02-21T15:03:46","date_gmt":"2023-02-21T14:03:46","guid":{"rendered":"https:\/\/blogs.elcomercio.es\/reflexiones-de-belarmino\/?p=28711"},"modified":"2023-02-21T15:03:46","modified_gmt":"2023-02-21T14:03:46","slug":"tesla-se-instalara-donde-tengamos-agua-lopez-obrador","status":"publish","type":"post","link":"https:\/\/blogs.elcomercio.es\/reflexiones-de-belarmino\/2023\/02\/21\/tesla-se-instalara-donde-tengamos-agua-lopez-obrador\/","title":{"rendered":"\u00a1\u00a1\u00a1 &#8220;TESLA, SE INSTALAR\u00c1 DONDE TENGAMOS AGUA&#8221;: L\u00d3PEZ OBRADOR !!!!"},"content":{"rendered":"<p><b>En su s\u00faper gira\u00a0por el norte del pa\u00eds, el presidente L\u00f3pez Obrador, confirm\u00f3 los avances de las conversaciones que mantiene el canciller Ebrard con los dirigentes\u00a0de TESLA y manifest\u00f3 que se entrevistar\u00e1 con ellos en breve pero QUE TESLA SOLO PUEDE INSTALARSE DONDE HAYA AGUA.<\/b><\/p>\n<p><b>El intento de Musk, era el Estado de Nuevo Le\u00f3n, por su cercan\u00eda\u00a0con los Estados Unidos, pero hay no agua suficiente. Es m\u00e1s, la industria de la de ese estado llev\u00f3 a ir acabando con agua para los ciudadanos de ese estado, lo que\u00a0llev\u00f3 a L\u00f3pez Obrador a resolverlo desviando el agua de dos presas cercanas.<\/b><\/p>\n<p><strong>Las 3\/ 4 partes del agua del pa\u00eds est\u00e1 en el sureste, por ello el gobierno mexicano s\u00f3lo autorizar\u00e1 a TESLA\u00a0 en zonas donde haya agua.<\/strong><\/p>\n<p><b>En el corredor Transismico, el puerto de Coatzacoalcos ya tiene la capacidad, la energ\u00eda, el gas, para usar el golfo de M\u00e9xico para llevar al este\u00a0de los Estados Unidos es una opci\u00f3n.<\/b><\/p>\n<p><b>Por supuesto que a M\u00e9xico le vendr\u00e1 muy bien la instalaci\u00f3n de la empresa m\u00e1s grande del mundo en autom\u00f3viles\u00a0el\u00e9ctricos, y aunque enfrente\u00a0est\u00e9 Elon Musk, L\u00f3pez Obrador no dar\u00e1 autorizaci\u00f3n p\u00e0ra instalarse donde se perjudique a los ciudadanos\u00a0con falta de agua.<\/b><\/p>\n<p><b>Estaremos\u00a0al tanto para informarles.<\/b><\/p>\n<p>&nbsp;<\/p>\n<!-- AddThis Advanced Settings generic via filter on the_content --><!-- AddThis Share Buttons generic via filter on the_content -->","protected":false},"excerpt":{"rendered":"<p>En su s\u00faper gira\u00a0por el norte del pa\u00eds, el presidente L\u00f3pez Obrador, confirm\u00f3 los avances de las conversaciones que mantiene el canciller Ebrard con los dirigentes\u00a0de TESLA y manifest\u00f3 que se entrevistar\u00e1 con ellos en breve pero QUE TESLA SOLO PUEDE INSTALARSE DONDE HAYA AGUA. El intento de Musk, era el Estado de Nuevo Le\u00f3n, [&hellip;]<!-- AddThis Advanced Settings generic via filter on get_the_excerpt --><!-- AddThis Share Buttons generic via filter on get_the_excerpt --><\/p>\n","protected":false},"author":16,"featured_media":0,"comment_status":"open","ping_status":"closed","sticky":false,"template":"","format":"standard","meta":[],"categories":[1],"tags":[],"_links":{"self":[{"href":"https:\/\/blogs.elcomercio.es\/reflexiones-de-belarmino\/wp-json\/wp\/v2\/posts\/28711"}],"collection":[{"href":"https:\/\/blogs.elcomercio.es\/reflexiones-de-belarmino\/wp-json\/wp\/v2\/posts"}],"about":[{"href":"https:\/\/blogs.elcomercio.es\/reflexiones-de-belarmino\/wp-json\/wp\/v2\/types\/post"}],"author":[{"embeddable":true,"href":"https:\/\/blogs.elcomercio.es\/reflexiones-de-belarmino\/wp-json\/wp\/v2\/users\/16"}],"replies":[{"embeddable":true,"href":"https:\/\/blogs.elcomercio.es\/reflexiones-de-belarmino\/wp-json\/wp\/v2\/comments?post=28711"}],"version-history":[{"count":1,"href":"https:\/\/blogs.elcomercio.es\/reflexiones-de-belarmino\/wp-json\/wp\/v2\/posts\/28711\/revisions"}],"predecessor-version":[{"id":28712,"href":"https:\/\/blogs.elcomercio.es\/reflexiones-de-belarmino\/wp-json\/wp\/v2\/posts\/28711\/revisions\/28712"}],"wp:attachment":[{"href":"https:\/\/blogs.elcomercio.es\/reflexiones-de-belarmino\/wp-json\/wp\/v2\/media?parent=28711"}],"wp:term":[{"taxonomy":"category","embeddable":true,"href":"https:\/\/blogs.elcomercio.es\/reflexiones-de-belarmino\/wp-json\/wp\/v2\/categories?post=28711"},{"taxonomy":"post_tag","embeddable":true,"href":"https:\/\/blogs.elcomercio.es\/reflexiones-de-belarmino\/wp-json\/wp\/v2\/tags?post=28711"}],"curies":[{"name":"wp","href":"https:\/\/api.w.org\/{rel}","templated":true}]}}