{"id":28713,"date":"2023-02-21T17:44:19","date_gmt":"2023-02-21T16:44:19","guid":{"rendered":"https:\/\/blogs.elcomercio.es\/reflexiones-de-belarmino\/?p=28713"},"modified":"2023-02-21T17:44:19","modified_gmt":"2023-02-21T16:44:19","slug":"china-profundamente-preocupada-por-la-guerra-que-a-su-juicio-se-esta-intensificando-y-saliendo-de-control-donde-estan-las-12135-ojivas-nucleares","status":"publish","type":"post","link":"https:\/\/blogs.elcomercio.es\/reflexiones-de-belarmino\/2023\/02\/21\/china-profundamente-preocupada-por-la-guerra-que-a-su-juicio-se-esta-intensificando-y-saliendo-de-control-donde-estan-las-12135-ojivas-nucleares\/","title":{"rendered":"\u00a1\u00a1\u00a1\u00a1\u00a1CHINA PROFUNDAMENTE PREOCUPADA POR LA GUERRA QUE A SU JUICIO SE EST\u00c1 INTENSIFICANDO Y SALIENDO DE CONTROL.\u00bf DONDE EST\u00c1N LAS 12,135 OJIVAS NUCLEARES !!! !!"},"content":{"rendered":"<p><b>El Viceministro\u00a0de exteriores de\u00a0 China\u00a0 Qin Gang\u00a0, declar\u00f3\u00a0hoy que &#8221; China est\u00e1 profundamente preocupada por la guerra, que, a su juicio, se esta intensificando y saliendo de control, y que buscar\u00e1 con la comunidad internacional buscar un alto al fuego y una negociaci\u00f3n pactada.&#8221;<\/b><\/p>\n<p><b>Transmitimos<\/b><strong>\u00a0a ustedes, como informaci\u00f3n, que en el mundo hay 12,135 ojivas nucleares, divididas de la siguiente forma.<\/strong><\/p>\n<p><strong>RUSIA 6,255,- EE.UU. ,5,560.- CHINA 350.- FRANCIA 290.- REINO UNIDO.- 225.-PAKISTAN 165.-INDIA, 150,- ISRAEL, 90 Y COREA DEL NORTE ,40.<\/strong><\/p>\n<p><b>Adem\u00e1s, nunca aclarado, los Estados Unidos tienen bajo su responsabilidad 50 en Turqu\u00eda, 40 en Italia, B\u00e9lgica\u00a020, Alemania 20 y Pa\u00edses\u00a0Bajos 20.<\/b><\/p>\n<p>&nbsp;<\/p>\n<!-- AddThis Advanced Settings generic via filter on the_content --><!-- AddThis Share Buttons generic via filter on the_content -->","protected":false},"excerpt":{"rendered":"<p>El Viceministro\u00a0de exteriores de\u00a0 China\u00a0 Qin Gang\u00a0, declar\u00f3\u00a0hoy que &#8221; China est\u00e1 profundamente preocupada por la guerra, que, a su juicio, se esta intensificando y saliendo de control, y que buscar\u00e1 con la comunidad internacional buscar un alto al fuego y una negociaci\u00f3n pactada.&#8221; Transmitimos\u00a0a ustedes, como informaci\u00f3n, que en el mundo hay 12,135 ojivas [&hellip;]<!-- AddThis Advanced Settings generic via filter on get_the_excerpt --><!-- AddThis Share Buttons generic via filter on get_the_excerpt --><\/p>\n","protected":false},"author":16,"featured_media":0,"comment_status":"open","ping_status":"closed","sticky":false,"template":"","format":"standard","meta":[],"categories":[1],"tags":[],"_links":{"self":[{"href":"https:\/\/blogs.elcomercio.es\/reflexiones-de-belarmino\/wp-json\/wp\/v2\/posts\/28713"}],"collection":[{"href":"https:\/\/blogs.elcomercio.es\/reflexiones-de-belarmino\/wp-json\/wp\/v2\/posts"}],"about":[{"href":"https:\/\/blogs.elcomercio.es\/reflexiones-de-belarmino\/wp-json\/wp\/v2\/types\/post"}],"author":[{"embeddable":true,"href":"https:\/\/blogs.elcomercio.es\/reflexiones-de-belarmino\/wp-json\/wp\/v2\/users\/16"}],"replies":[{"embeddable":true,"href":"https:\/\/blogs.elcomercio.es\/reflexiones-de-belarmino\/wp-json\/wp\/v2\/comments?post=28713"}],"version-history":[{"count":1,"href":"https:\/\/blogs.elcomercio.es\/reflexiones-de-belarmino\/wp-json\/wp\/v2\/posts\/28713\/revisions"}],"predecessor-version":[{"id":28714,"href":"https:\/\/blogs.elcomercio.es\/reflexiones-de-belarmino\/wp-json\/wp\/v2\/posts\/28713\/revisions\/28714"}],"wp:attachment":[{"href":"https:\/\/blogs.elcomercio.es\/reflexiones-de-belarmino\/wp-json\/wp\/v2\/media?parent=28713"}],"wp:term":[{"taxonomy":"category","embeddable":true,"href":"https:\/\/blogs.elcomercio.es\/reflexiones-de-belarmino\/wp-json\/wp\/v2\/categories?post=28713"},{"taxonomy":"post_tag","embeddable":true,"href":"https:\/\/blogs.elcomercio.es\/reflexiones-de-belarmino\/wp-json\/wp\/v2\/tags?post=28713"}],"curies":[{"name":"wp","href":"https:\/\/api.w.org\/{rel}","templated":true}]}}