{"id":28718,"date":"2023-02-22T09:29:39","date_gmt":"2023-02-22T08:29:39","guid":{"rendered":"https:\/\/blogs.elcomercio.es\/reflexiones-de-belarmino\/?p=28718"},"modified":"2023-02-22T09:29:39","modified_gmt":"2023-02-22T08:29:39","slug":"para-lograr-la-transicion-real-mayo-y-diciembre-nosotros-asturias","status":"publish","type":"post","link":"https:\/\/blogs.elcomercio.es\/reflexiones-de-belarmino\/2023\/02\/22\/para-lograr-la-transicion-real-mayo-y-diciembre-nosotros-asturias\/","title":{"rendered":"\u00a1\u00a1\u00a1\u00a1PARA LOGRAR LA TRANSICI\u00d3N REAL, MAYO Y DICIEMBRE.- NOSOTROS: ASTURIAS !!!"},"content":{"rendered":"<p><b>Nuestra modesta contribuci\u00f3n\u00a0para\u00a0lograr pasar de la transici\u00f3n\u00a0gatopardista a la real, que tanto teme la derecha\u00a0social y pol\u00edtica, tenemos mayo y diciembre por delante. Pero, nosotros tenemos que contribuir con ASTURIAS.- Gij\u00f3n, Avil\u00e9s, las Cuencas y vamos por Oviedo.<\/b><\/p>\n<!-- AddThis Advanced Settings generic via filter on the_content --><!-- AddThis Share Buttons generic via filter on the_content -->","protected":false},"excerpt":{"rendered":"<p>Nuestra modesta contribuci\u00f3n\u00a0para\u00a0lograr pasar de la transici\u00f3n\u00a0gatopardista a la real, que tanto teme la derecha\u00a0social y pol\u00edtica, tenemos mayo y diciembre por delante. Pero, nosotros tenemos que contribuir con ASTURIAS.- Gij\u00f3n, Avil\u00e9s, las Cuencas y vamos por Oviedo.<!-- AddThis Advanced Settings generic via filter on get_the_excerpt --><!-- AddThis Share Buttons generic via filter on get_the_excerpt --><\/p>\n","protected":false},"author":16,"featured_media":0,"comment_status":"open","ping_status":"closed","sticky":false,"template":"","format":"standard","meta":[],"categories":[1],"tags":[],"_links":{"self":[{"href":"https:\/\/blogs.elcomercio.es\/reflexiones-de-belarmino\/wp-json\/wp\/v2\/posts\/28718"}],"collection":[{"href":"https:\/\/blogs.elcomercio.es\/reflexiones-de-belarmino\/wp-json\/wp\/v2\/posts"}],"about":[{"href":"https:\/\/blogs.elcomercio.es\/reflexiones-de-belarmino\/wp-json\/wp\/v2\/types\/post"}],"author":[{"embeddable":true,"href":"https:\/\/blogs.elcomercio.es\/reflexiones-de-belarmino\/wp-json\/wp\/v2\/users\/16"}],"replies":[{"embeddable":true,"href":"https:\/\/blogs.elcomercio.es\/reflexiones-de-belarmino\/wp-json\/wp\/v2\/comments?post=28718"}],"version-history":[{"count":1,"href":"https:\/\/blogs.elcomercio.es\/reflexiones-de-belarmino\/wp-json\/wp\/v2\/posts\/28718\/revisions"}],"predecessor-version":[{"id":28719,"href":"https:\/\/blogs.elcomercio.es\/reflexiones-de-belarmino\/wp-json\/wp\/v2\/posts\/28718\/revisions\/28719"}],"wp:attachment":[{"href":"https:\/\/blogs.elcomercio.es\/reflexiones-de-belarmino\/wp-json\/wp\/v2\/media?parent=28718"}],"wp:term":[{"taxonomy":"category","embeddable":true,"href":"https:\/\/blogs.elcomercio.es\/reflexiones-de-belarmino\/wp-json\/wp\/v2\/categories?post=28718"},{"taxonomy":"post_tag","embeddable":true,"href":"https:\/\/blogs.elcomercio.es\/reflexiones-de-belarmino\/wp-json\/wp\/v2\/tags?post=28718"}],"curies":[{"name":"wp","href":"https:\/\/api.w.org\/{rel}","templated":true}]}}