{"id":28728,"date":"2023-02-22T12:24:32","date_gmt":"2023-02-22T11:24:32","guid":{"rendered":"https:\/\/blogs.elcomercio.es\/reflexiones-de-belarmino\/?p=28728"},"modified":"2023-02-22T12:24:32","modified_gmt":"2023-02-22T11:24:32","slug":"se-incorpora-putin-a-la-reunion-en-el-kremlin-entre-lavrov-y-wang-li-se-espera-proxima-visita-de-xi-jinping","status":"publish","type":"post","link":"https:\/\/blogs.elcomercio.es\/reflexiones-de-belarmino\/2023\/02\/22\/se-incorpora-putin-a-la-reunion-en-el-kremlin-entre-lavrov-y-wang-li-se-espera-proxima-visita-de-xi-jinping\/","title":{"rendered":"\u00a1\u00a1\u00a1\u00a1SE INCORPORA PUTIN  A LA REUNI\u00d3N EN EL KREMLIN, ENTRE LAVROV Y WANG LI. SE ESPERA PR\u00d3XIMA VISITA DE XI JINPING !!!!"},"content":{"rendered":"<p><b>Acaba de incorporarse a la reuni\u00f3n entre Wang Li y Lavrov, el presidente ruso Vladimir Putin. Se espera la pr\u00f3xima visita a Mosc\u00fa de Xi Jinping, que lleva trabajandose\u00a0varios meses, sin saber la fecha hasta este momento.<\/b><\/p>\n<!-- AddThis Advanced Settings generic via filter on the_content --><!-- AddThis Share Buttons generic via filter on the_content -->","protected":false},"excerpt":{"rendered":"<p>Acaba de incorporarse a la reuni\u00f3n entre Wang Li y Lavrov, el presidente ruso Vladimir Putin. Se espera la pr\u00f3xima visita a Mosc\u00fa de Xi Jinping, que lleva trabajandose\u00a0varios meses, sin saber la fecha hasta este momento.<!-- AddThis Advanced Settings generic via filter on get_the_excerpt --><!-- AddThis Share Buttons generic via filter on get_the_excerpt --><\/p>\n","protected":false},"author":16,"featured_media":0,"comment_status":"open","ping_status":"closed","sticky":false,"template":"","format":"standard","meta":[],"categories":[1],"tags":[],"_links":{"self":[{"href":"https:\/\/blogs.elcomercio.es\/reflexiones-de-belarmino\/wp-json\/wp\/v2\/posts\/28728"}],"collection":[{"href":"https:\/\/blogs.elcomercio.es\/reflexiones-de-belarmino\/wp-json\/wp\/v2\/posts"}],"about":[{"href":"https:\/\/blogs.elcomercio.es\/reflexiones-de-belarmino\/wp-json\/wp\/v2\/types\/post"}],"author":[{"embeddable":true,"href":"https:\/\/blogs.elcomercio.es\/reflexiones-de-belarmino\/wp-json\/wp\/v2\/users\/16"}],"replies":[{"embeddable":true,"href":"https:\/\/blogs.elcomercio.es\/reflexiones-de-belarmino\/wp-json\/wp\/v2\/comments?post=28728"}],"version-history":[{"count":1,"href":"https:\/\/blogs.elcomercio.es\/reflexiones-de-belarmino\/wp-json\/wp\/v2\/posts\/28728\/revisions"}],"predecessor-version":[{"id":28729,"href":"https:\/\/blogs.elcomercio.es\/reflexiones-de-belarmino\/wp-json\/wp\/v2\/posts\/28728\/revisions\/28729"}],"wp:attachment":[{"href":"https:\/\/blogs.elcomercio.es\/reflexiones-de-belarmino\/wp-json\/wp\/v2\/media?parent=28728"}],"wp:term":[{"taxonomy":"category","embeddable":true,"href":"https:\/\/blogs.elcomercio.es\/reflexiones-de-belarmino\/wp-json\/wp\/v2\/categories?post=28728"},{"taxonomy":"post_tag","embeddable":true,"href":"https:\/\/blogs.elcomercio.es\/reflexiones-de-belarmino\/wp-json\/wp\/v2\/tags?post=28728"}],"curies":[{"name":"wp","href":"https:\/\/api.w.org\/{rel}","templated":true}]}}