{"id":28730,"date":"2023-02-22T16:08:52","date_gmt":"2023-02-22T15:08:52","guid":{"rendered":"https:\/\/blogs.elcomercio.es\/reflexiones-de-belarmino\/?p=28730"},"modified":"2023-02-22T16:08:52","modified_gmt":"2023-02-22T15:08:52","slug":"mexico-pais-en-decadencia-necesitaba-un-transformacion-de-raiz-se-esta-haciendo-constitucionalmente-y-sin-violencia-amlo","status":"publish","type":"post","link":"https:\/\/blogs.elcomercio.es\/reflexiones-de-belarmino\/2023\/02\/22\/mexico-pais-en-decadencia-necesitaba-un-transformacion-de-raiz-se-esta-haciendo-constitucionalmente-y-sin-violencia-amlo\/","title":{"rendered":"\u00a1\u00a1\u00a1\u00a1MEXICO PAIS EN DECADENCIA, NECESITABA UN TRANSFORMACI\u00d3N DE RA\u00cdZ.- SE EST\u00c1 HACIENDO CONSTITUCIONALMENTE Y SIN VIOLENCIA&#8221;: AMLO !!!"},"content":{"rendered":"<p><b>En la Ma\u00f1anera de hoy, antes de empezar\u00a0L\u00f3pez Obrador explicaba con su car\u00e1cter\u00a0did\u00e1ctico\u00a0que tanto nos ha ayudado a todos,\u00a0 el por que de la reacci\u00f3n de los\u00a0intereses afectados, de los ataques de los diarios a ssu servicio y los periodistas a su servicio.<\/b><\/p>\n<p><b>&#8221; M\u00e9xico era\u00a0un pais en decadencia, por ello para transformarlo habia que hacer una transformaci\u00f3n de ra\u00edz, que se est\u00e1 llevando a cabo, constitucionalmente con expresi\u00f3n de todos PERO SIN VIOLENCIA.Tuvimos violencia en la Independencia, la tuvimos en la Reforma, la tuvimos en la Revoluci\u00f3n, pero la Cuarta Transformaci\u00f3n, uno de sus valores es que la transformaci\u00f3n\u00a0de ra\u00edz\u00a0y sin violencia&#8221;.<\/b><\/p>\n<p><strong>Va a empezar y el caso de Sergio Garc\u00eda Luna va a ocupar la mayor parte de las 2 o 3 horas, ante toda la prensa nacional e internacional 1,156, es decir en 4 a\u00f1os 1,156 conferencias de prensa a las siete de la ma\u00f1ana.<\/strong><\/p>\n<p><b>\u00bf Que presidente lo hace en el mundo?. De ah\u00ed sus 68 % de aceptaci\u00f3n, s\u00f3lo tras Modi con 72, y delante de Lula con 50, Biden 41 y S\u00e1nchez\u00a037 %.<\/b><\/p>\n<!-- AddThis Advanced Settings generic via filter on the_content --><!-- AddThis Share Buttons generic via filter on the_content -->","protected":false},"excerpt":{"rendered":"<p>En la Ma\u00f1anera de hoy, antes de empezar\u00a0L\u00f3pez Obrador explicaba con su car\u00e1cter\u00a0did\u00e1ctico\u00a0que tanto nos ha ayudado a todos,\u00a0 el por que de la reacci\u00f3n de los\u00a0intereses afectados, de los ataques de los diarios a ssu servicio y los periodistas a su servicio. &#8221; M\u00e9xico era\u00a0un pais en decadencia, por ello para transformarlo habia que [&hellip;]<!-- AddThis Advanced Settings generic via filter on get_the_excerpt --><!-- AddThis Share Buttons generic via filter on get_the_excerpt --><\/p>\n","protected":false},"author":16,"featured_media":0,"comment_status":"open","ping_status":"closed","sticky":false,"template":"","format":"standard","meta":[],"categories":[1],"tags":[],"_links":{"self":[{"href":"https:\/\/blogs.elcomercio.es\/reflexiones-de-belarmino\/wp-json\/wp\/v2\/posts\/28730"}],"collection":[{"href":"https:\/\/blogs.elcomercio.es\/reflexiones-de-belarmino\/wp-json\/wp\/v2\/posts"}],"about":[{"href":"https:\/\/blogs.elcomercio.es\/reflexiones-de-belarmino\/wp-json\/wp\/v2\/types\/post"}],"author":[{"embeddable":true,"href":"https:\/\/blogs.elcomercio.es\/reflexiones-de-belarmino\/wp-json\/wp\/v2\/users\/16"}],"replies":[{"embeddable":true,"href":"https:\/\/blogs.elcomercio.es\/reflexiones-de-belarmino\/wp-json\/wp\/v2\/comments?post=28730"}],"version-history":[{"count":2,"href":"https:\/\/blogs.elcomercio.es\/reflexiones-de-belarmino\/wp-json\/wp\/v2\/posts\/28730\/revisions"}],"predecessor-version":[{"id":28732,"href":"https:\/\/blogs.elcomercio.es\/reflexiones-de-belarmino\/wp-json\/wp\/v2\/posts\/28730\/revisions\/28732"}],"wp:attachment":[{"href":"https:\/\/blogs.elcomercio.es\/reflexiones-de-belarmino\/wp-json\/wp\/v2\/media?parent=28730"}],"wp:term":[{"taxonomy":"category","embeddable":true,"href":"https:\/\/blogs.elcomercio.es\/reflexiones-de-belarmino\/wp-json\/wp\/v2\/categories?post=28730"},{"taxonomy":"post_tag","embeddable":true,"href":"https:\/\/blogs.elcomercio.es\/reflexiones-de-belarmino\/wp-json\/wp\/v2\/tags?post=28730"}],"curies":[{"name":"wp","href":"https:\/\/api.w.org\/{rel}","templated":true}]}}