{"id":28756,"date":"2023-02-24T10:39:11","date_gmt":"2023-02-24T09:39:11","guid":{"rendered":"https:\/\/blogs.elcomercio.es\/reflexiones-de-belarmino\/?p=28756"},"modified":"2023-02-24T10:41:55","modified_gmt":"2023-02-24T09:41:55","slug":"un-ano-de-guerra-dos-billones-de-ventas-de-armas-y-falta-el-negocio-de-reconstruir","status":"publish","type":"post","link":"https:\/\/blogs.elcomercio.es\/reflexiones-de-belarmino\/2023\/02\/24\/un-ano-de-guerra-dos-billones-de-ventas-de-armas-y-falta-el-negocio-de-reconstruir\/","title":{"rendered":"\u00a1\u00a1\u00a1\u00a1UN A\u00d1O DE GUERRA.- DOS BILLONES DE VENTAS DE ARMAS Y FALTA EL NEGOCIO DE RECONSTRUIR"},"content":{"rendered":"<p><b>Si, hoy se celebra un a\u00f1o de la acci\u00f3n de Rusia, de tratar de recuperar sus fronteras seguras acordadas por Gorbachov y Reagan, y eliminada\u00a0por Obama. Si tambi\u00e9n\u00a0 hoy las grandes empresas de armamento llegan a 2 billones de facturaci\u00f3n con sus consiguientes multimillonarios beneficio y las grandes empresas constructoras\u00a0est\u00e1n esperando el gran negocio de reconstruir Ucrania. Mismo m\u00e9todo utilizado por Dick Cheney en Irak. Mismo m\u00e9todo de los Estados Unidos a lo largo de su historia.<\/b><\/p>\n<p><b>El acuerdo de paz va a llegar, y a fijar la fronteras con Donetsk, Lugansk, Zaporiyia, Jerson y por supuesto Crimea. Si va a haber consolidado a Occidente, pero tambi\u00e7en al resto del mundo, y finalmente ser\u00e1 China el que oriente\u00a0 la acci\u00f3n de la comunidad internacional.<\/b><\/p>\n<p><b>Miles de muertos( no el mill\u00f3n\u00a0de Iraq), millones de desplazados, toneladas de informaci\u00e7on basura de Rusia y de Occidente, para llegar a lo que ustedes ver\u00e1n.<\/b><\/p>\n<p><b>El amarillismo lo inventaron\u00a0Pulitzer\u00a0y Hearst, para manipular a la opini\u00f3n p\u00fablica norteamericana y echar a Espa\u00f1a de Cuba, incluido el ataque de ellos mismos al Maine.<\/b><\/p>\n<p>&nbsp;<\/p>\n<p>&nbsp;<\/p>\n<!-- AddThis Advanced Settings generic via filter on the_content --><!-- AddThis Share Buttons generic via filter on the_content -->","protected":false},"excerpt":{"rendered":"<p>Si, hoy se celebra un a\u00f1o de la acci\u00f3n de Rusia, de tratar de recuperar sus fronteras seguras acordadas por Gorbachov y Reagan, y eliminada\u00a0por Obama. Si tambi\u00e9n\u00a0 hoy las grandes empresas de armamento llegan a 2 billones de facturaci\u00f3n con sus consiguientes multimillonarios beneficio y las grandes empresas constructoras\u00a0est\u00e1n esperando el gran negocio de [&hellip;]<!-- AddThis Advanced Settings generic via filter on get_the_excerpt --><!-- AddThis Share Buttons generic via filter on get_the_excerpt --><\/p>\n","protected":false},"author":16,"featured_media":0,"comment_status":"open","ping_status":"closed","sticky":false,"template":"","format":"standard","meta":[],"categories":[1],"tags":[],"_links":{"self":[{"href":"https:\/\/blogs.elcomercio.es\/reflexiones-de-belarmino\/wp-json\/wp\/v2\/posts\/28756"}],"collection":[{"href":"https:\/\/blogs.elcomercio.es\/reflexiones-de-belarmino\/wp-json\/wp\/v2\/posts"}],"about":[{"href":"https:\/\/blogs.elcomercio.es\/reflexiones-de-belarmino\/wp-json\/wp\/v2\/types\/post"}],"author":[{"embeddable":true,"href":"https:\/\/blogs.elcomercio.es\/reflexiones-de-belarmino\/wp-json\/wp\/v2\/users\/16"}],"replies":[{"embeddable":true,"href":"https:\/\/blogs.elcomercio.es\/reflexiones-de-belarmino\/wp-json\/wp\/v2\/comments?post=28756"}],"version-history":[{"count":3,"href":"https:\/\/blogs.elcomercio.es\/reflexiones-de-belarmino\/wp-json\/wp\/v2\/posts\/28756\/revisions"}],"predecessor-version":[{"id":28759,"href":"https:\/\/blogs.elcomercio.es\/reflexiones-de-belarmino\/wp-json\/wp\/v2\/posts\/28756\/revisions\/28759"}],"wp:attachment":[{"href":"https:\/\/blogs.elcomercio.es\/reflexiones-de-belarmino\/wp-json\/wp\/v2\/media?parent=28756"}],"wp:term":[{"taxonomy":"category","embeddable":true,"href":"https:\/\/blogs.elcomercio.es\/reflexiones-de-belarmino\/wp-json\/wp\/v2\/categories?post=28756"},{"taxonomy":"post_tag","embeddable":true,"href":"https:\/\/blogs.elcomercio.es\/reflexiones-de-belarmino\/wp-json\/wp\/v2\/tags?post=28756"}],"curies":[{"name":"wp","href":"https:\/\/api.w.org\/{rel}","templated":true}]}}