{"id":28773,"date":"2023-02-26T12:08:53","date_gmt":"2023-02-26T11:08:53","guid":{"rendered":"https:\/\/blogs.elcomercio.es\/reflexiones-de-belarmino\/?p=28773"},"modified":"2023-02-26T12:08:53","modified_gmt":"2023-02-26T11:08:53","slug":"en-todo-su-derecho-hoy-marcharan-250000-personas-en-el-zocalo-contra-la-cuarta-transformacion","status":"publish","type":"post","link":"https:\/\/blogs.elcomercio.es\/reflexiones-de-belarmino\/2023\/02\/26\/en-todo-su-derecho-hoy-marcharan-250000-personas-en-el-zocalo-contra-la-cuarta-transformacion\/","title":{"rendered":"\u00a1\u00a1\u00a1\u00a1\u00a1 EN TODO SU DERECHO  HOY MARCHAR\u00c1N 250,000 PERSONAS EN EL Z\u00d3CALO CONTRA LA CUARTA TRANSFORMACI\u00d3N !!!!"},"content":{"rendered":"<p><b>Por supuesto, cuando hay una transformaci\u00f3n de ra\u00edz, no todos est\u00e1n de acuerdo. En primer lugar los que han sentido lastimados sus intereses despu\u00e9s del para\u00edso\u00a0que fue para ellos\u00a0los 30 a\u00f1os de neoliberalismo.Segundo los que due\u00f1os de los medios de comunicaci\u00f3n que se quedaron sin &#8220;los apoyos del estado\u00a0neoliberal&#8221; y los periodistas de \u00e9lite, que se han\u00a0 visto salpicados en el juicio de Garcia Luna,como el director de El Universal o la revista Proceso o el diario Reforma.<\/b><\/p>\n<p><strong>Los naturales opositores a un cambio que hay en cada sociedad cuando se produce un cambio de estas dimensiones. Los ex presidentes que permitieron en alianza con los narcos la M\u00e9xico en decadencia que todos conocimos.<\/strong><\/p>\n<p><strong>Dinero, de sobra, si se necesitara y lo que queda del PRI, el PAN y el PRD tratar\u00e1n de sobrevivir.<\/strong><\/p>\n<p><b>El presidente, en su ma\u00f1anera los ha invitado\u00a0a que salgan todos, que es derecho.<\/b><\/p>\n<p><b>La causa:&#8221; En peligro la Democracia en M\u00e9xico&#8221;. Cuando en M\u00e9xico se acord\u00f3 en el poder Legislativo, que nadie que trabaje en el gobierno pueda ganar m\u00e1s de lo que gana L\u00f3pez Obrador, 5,000 euros al mes, se opusieron frontalmente: Los Magistrados de la Suprema Corte de Justicia que ganan m\u00e1s 25,000 euros, y los que han manipulado las elecciones\u00a0durante 30 a\u00f1os: Los miembros del Instituto Nacional Electoral, cuyo presidente con todas las prestaciones no s\u00f3lo gana 20,000 euros al mes, sino que en dos meses se jubila, el y tres consejeros m\u00e1s, con casi un mill\u00f3n de d\u00f3lares.<\/b><\/p>\n<p><b>( Para sustituirlos, el gobierno llam\u00f3 a los ciudadanos\u00a0que quieran ser consejeros(los\u00a08 m\u00e1gicos), y se han inscrito\u00a0magistrados, soci\u00f3logos, abogados y ciudadanos que crean que tengan, a el curr\u00edculum\u00a0exigido, pero que sepan que ha trav\u00e9s\u00a0del INE\u00a0se acabaron los fraudes electorales, al d\u00eda de ayer 461 ciudadanos, que revisados los que cumplen con el curr\u00edculum, ser\u00e1 sometidos a elecci\u00f3n popular y ser\u00e1 el pueblo\u00a0el que los designe.)<\/b><\/p>\n<p><strong>Con el poder judicial en contra(la semana pasada, mientras en Estados UNidos se condenaba a Sergio Garc\u00eda Luna, un juez local, apoyaba la petici\u00f3n de la esposa que la fortuna de Garcia Luna(m\u00e1s de 2,000 millones de d\u00f3lares) no la tocasen.<\/strong><\/p>\n<p><strong>El presidente, al d\u00eda siguiente, lo denunci\u00f3 en la Ma\u00f1anera y dio los nombres de los jueces, que apoyaron, a Garcia Luna.<\/strong><\/p>\n<p><b>Dec\u00edamos, con el Poder Judicial en contra, el Instituto Nacional Electoral, es el \u00faltimo bloque antidemocr\u00e1tico, que la Cuarta\u00a0<\/b><b>Transformaci\u00f3n con el pueblo mexicano detr\u00e1s.<\/b><\/p>\n<p><strong>Hay total libertad de prensa y de manifestaci\u00f3n. Hoy hasta miembros del Congreso de EE:UU, se han manifestado del cambio.<\/strong><\/p>\n<p><b>El pr\u00f3ximo 18 de marzo saldr\u00e1n a las calles en todo el pa\u00eds, para celebrar el aniversario\u00a0de la Expropiaci\u00f3n\u00a0del Petr\u00f3leo\u00a0en 1938, varios millones de mexicanos, con el mismo derecho, a lo largo de todo el pa\u00eds.<\/b><\/p>\n<p>&nbsp;<\/p>\n<!-- AddThis Advanced Settings generic via filter on the_content --><!-- AddThis Share Buttons generic via filter on the_content -->","protected":false},"excerpt":{"rendered":"<p>Por supuesto, cuando hay una transformaci\u00f3n de ra\u00edz, no todos est\u00e1n de acuerdo. En primer lugar los que han sentido lastimados sus intereses despu\u00e9s del para\u00edso\u00a0que fue para ellos\u00a0los 30 a\u00f1os de neoliberalismo.Segundo los que due\u00f1os de los medios de comunicaci\u00f3n que se quedaron sin &#8220;los apoyos del estado\u00a0neoliberal&#8221; y los periodistas de \u00e9lite, que [&hellip;]<!-- AddThis Advanced Settings generic via filter on get_the_excerpt --><!-- AddThis Share Buttons generic via filter on get_the_excerpt --><\/p>\n","protected":false},"author":16,"featured_media":0,"comment_status":"open","ping_status":"closed","sticky":false,"template":"","format":"standard","meta":[],"categories":[1],"tags":[],"_links":{"self":[{"href":"https:\/\/blogs.elcomercio.es\/reflexiones-de-belarmino\/wp-json\/wp\/v2\/posts\/28773"}],"collection":[{"href":"https:\/\/blogs.elcomercio.es\/reflexiones-de-belarmino\/wp-json\/wp\/v2\/posts"}],"about":[{"href":"https:\/\/blogs.elcomercio.es\/reflexiones-de-belarmino\/wp-json\/wp\/v2\/types\/post"}],"author":[{"embeddable":true,"href":"https:\/\/blogs.elcomercio.es\/reflexiones-de-belarmino\/wp-json\/wp\/v2\/users\/16"}],"replies":[{"embeddable":true,"href":"https:\/\/blogs.elcomercio.es\/reflexiones-de-belarmino\/wp-json\/wp\/v2\/comments?post=28773"}],"version-history":[{"count":2,"href":"https:\/\/blogs.elcomercio.es\/reflexiones-de-belarmino\/wp-json\/wp\/v2\/posts\/28773\/revisions"}],"predecessor-version":[{"id":28775,"href":"https:\/\/blogs.elcomercio.es\/reflexiones-de-belarmino\/wp-json\/wp\/v2\/posts\/28773\/revisions\/28775"}],"wp:attachment":[{"href":"https:\/\/blogs.elcomercio.es\/reflexiones-de-belarmino\/wp-json\/wp\/v2\/media?parent=28773"}],"wp:term":[{"taxonomy":"category","embeddable":true,"href":"https:\/\/blogs.elcomercio.es\/reflexiones-de-belarmino\/wp-json\/wp\/v2\/categories?post=28773"},{"taxonomy":"post_tag","embeddable":true,"href":"https:\/\/blogs.elcomercio.es\/reflexiones-de-belarmino\/wp-json\/wp\/v2\/tags?post=28773"}],"curies":[{"name":"wp","href":"https:\/\/api.w.org\/{rel}","templated":true}]}}