{"id":28794,"date":"2023-02-28T11:48:32","date_gmt":"2023-02-28T10:48:32","guid":{"rendered":"https:\/\/blogs.elcomercio.es\/reflexiones-de-belarmino\/?p=28794"},"modified":"2023-02-28T11:48:32","modified_gmt":"2023-02-28T10:48:32","slug":"jorge-fernandez-diaz-en-1980-en-ranon-al-ministro-que-condecoro-a-la-virgen-y-el-hombre-que-espio-sin-orden-judicial-a-podemos-y-lideres-independentistas","status":"publish","type":"post","link":"https:\/\/blogs.elcomercio.es\/reflexiones-de-belarmino\/2023\/02\/28\/jorge-fernandez-diaz-en-1980-en-ranon-al-ministro-que-condecoro-a-la-virgen-y-el-hombre-que-espio-sin-orden-judicial-a-podemos-y-lideres-independentistas\/","title":{"rendered":"\u00a1\u00a1\u00a1\u00a1JORGE FERN\u00c1NDEZ D\u00cdAZ, EN 1980 EN RANON, AL MINISTRO QUE CONDECOR\u00d3 A LA VIRGEN Y EL HOMBRE QUE ESPI\u00d3, SIN ORDEN JUDICIAL A PODEMOS Y L\u00cdDERES INDEPENDENTISTAS !!"},"content":{"rendered":"<p><b>Aquella ma\u00f1ana, llegaba al aeropuerto de Oviedo, en Ranon, el Jefe del Estado con su hijo. Era la visita natural de la primera Comunidad, que ten\u00eda gobierno, y socialista, tras Franco.Joven, con cabello, due\u00f1o\u00a0de la situaci\u00f3n, sin mostrar signos de lo que llegar\u00eda a ser,Jorge Fern\u00e1ndez D\u00edaz, de unos 30 a\u00f1os era el Delegado del Gobierno de Madrid. Lo recuerdo muy bien.<\/b><\/p>\n<p><b>Pasaron los a\u00f1os. Cada quien hizo sus labores.\u00c9l\u00a0lleg\u00f3 a ser Ministro del Interior de Mariano\u00a0Rajoy, ya envejecido, sin principios, condecorando, quiz\u00e1s el \u00fanico en el mundo, a una Virgen, y luego saltarse la ley para evitar que los papeles de B\u00e1rcenas, no llegasen nunca a publicarse, y al mismo tiempo del 2015 al 2019, usar a los servicios de su Ministerio\u00a0para espiar a Podemos\u00a0y a los dirigentes nacionalista.<\/b><\/p>\n<p><strong>Sin cabello, envejecido notablemente(podemos tener la misma edad), y sin principios y con riesgo de\u00a0 terminar en la c\u00e1rcel.<\/strong><\/p>\n<p><b>Otros, m\u00e1s modestos fuimos uno mas de los sin\u00a0nombre, que permitieron, luchando 50 a\u00f1os,lograr cambiar el pa\u00eds donde nacieron, en pleno cambio de\u00a0ra\u00edz, como herencia a sus hijas y sus nietos, pero con la serenidad que da un apellido limpio, viviendo 17 a\u00f1os con\u00a011 euros al d\u00eda, lo cual no tiene mayor m\u00e9rito\u00a0siendo nieto de Belarmino e hijo de Pura y Rafael.<\/b><\/p>\n<!-- AddThis Advanced Settings generic via filter on the_content --><!-- AddThis Share Buttons generic via filter on the_content -->","protected":false},"excerpt":{"rendered":"<p>Aquella ma\u00f1ana, llegaba al aeropuerto de Oviedo, en Ranon, el Jefe del Estado con su hijo. Era la visita natural de la primera Comunidad, que ten\u00eda gobierno, y socialista, tras Franco.Joven, con cabello, due\u00f1o\u00a0de la situaci\u00f3n, sin mostrar signos de lo que llegar\u00eda a ser,Jorge Fern\u00e1ndez D\u00edaz, de unos 30 a\u00f1os era el Delegado del [&hellip;]<!-- AddThis Advanced Settings generic via filter on get_the_excerpt --><!-- AddThis Share Buttons generic via filter on get_the_excerpt --><\/p>\n","protected":false},"author":16,"featured_media":0,"comment_status":"open","ping_status":"closed","sticky":false,"template":"","format":"standard","meta":[],"categories":[1],"tags":[],"_links":{"self":[{"href":"https:\/\/blogs.elcomercio.es\/reflexiones-de-belarmino\/wp-json\/wp\/v2\/posts\/28794"}],"collection":[{"href":"https:\/\/blogs.elcomercio.es\/reflexiones-de-belarmino\/wp-json\/wp\/v2\/posts"}],"about":[{"href":"https:\/\/blogs.elcomercio.es\/reflexiones-de-belarmino\/wp-json\/wp\/v2\/types\/post"}],"author":[{"embeddable":true,"href":"https:\/\/blogs.elcomercio.es\/reflexiones-de-belarmino\/wp-json\/wp\/v2\/users\/16"}],"replies":[{"embeddable":true,"href":"https:\/\/blogs.elcomercio.es\/reflexiones-de-belarmino\/wp-json\/wp\/v2\/comments?post=28794"}],"version-history":[{"count":3,"href":"https:\/\/blogs.elcomercio.es\/reflexiones-de-belarmino\/wp-json\/wp\/v2\/posts\/28794\/revisions"}],"predecessor-version":[{"id":28797,"href":"https:\/\/blogs.elcomercio.es\/reflexiones-de-belarmino\/wp-json\/wp\/v2\/posts\/28794\/revisions\/28797"}],"wp:attachment":[{"href":"https:\/\/blogs.elcomercio.es\/reflexiones-de-belarmino\/wp-json\/wp\/v2\/media?parent=28794"}],"wp:term":[{"taxonomy":"category","embeddable":true,"href":"https:\/\/blogs.elcomercio.es\/reflexiones-de-belarmino\/wp-json\/wp\/v2\/categories?post=28794"},{"taxonomy":"post_tag","embeddable":true,"href":"https:\/\/blogs.elcomercio.es\/reflexiones-de-belarmino\/wp-json\/wp\/v2\/tags?post=28794"}],"curies":[{"name":"wp","href":"https:\/\/api.w.org\/{rel}","templated":true}]}}