{"id":28805,"date":"2023-02-28T19:59:16","date_gmt":"2023-02-28T18:59:16","guid":{"rendered":"https:\/\/blogs.elcomercio.es\/reflexiones-de-belarmino\/?p=28805"},"modified":"2023-02-28T19:59:16","modified_gmt":"2023-02-28T18:59:16","slug":"elon-musk-resuelve-el-problema-del-agua-acepta-lopez-obrador-y-se-instalara-la-gran-planta-de-tesla-en-nuevo-leon","status":"publish","type":"post","link":"https:\/\/blogs.elcomercio.es\/reflexiones-de-belarmino\/2023\/02\/28\/elon-musk-resuelve-el-problema-del-agua-acepta-lopez-obrador-y-se-instalara-la-gran-planta-de-tesla-en-nuevo-leon\/","title":{"rendered":"\u00a1\u00a1ELON MUSK RESUELVE EL PROBLEMA DEL AGUA, ACEPTA L\u00d3PEZ OBRADOR Y SE INSTALAR\u00c1 LA GRAN PLANTA DE TESLA EN NUEVO LE\u00d3N !!!"},"content":{"rendered":"<p><b>Para el hombre m\u00e1s rico del mundo, invertir para que el agua llegue a Nuevo Le\u00f3n, es pecata minuta. Por ello, en la videoconferencia de hoy entre Elon Musk y L\u00f3pez Obrador,el primero resolvi\u00f3 el problema del agua, el presidente qued\u00f3 muy satisfecho\u00a0por\u00a0 los miles de millones de d\u00f3lares que invertir\u00e1\u00a0Tesla en M\u00e9xico, y el gobernador del Estado acaba de dar las gracias a los dos, en medio de su euforia, leg\u00edtima.<\/b><\/p>\n<p><strong>Una cosa es que en el norte de M\u00e9xico se instalen la General Motors, la Ford, la\u00a0<\/strong><b>Volkswagen, entre otras, y otra lo es que lo haga TESLA, que pretende convertir en un ecosistema de la producci\u00f3n de los autos el\u00e9ctricos, con el Litio y la\u00a0 la energ\u00eda solar de M\u00e9xico\u00a0 y los microchips de Arizona, y un mercado del tama\u00f1o de los Estados Unidos y toda Am\u00e9rica Latina.<\/b><\/p>\n<!-- AddThis Advanced Settings generic via filter on the_content --><!-- AddThis Share Buttons generic via filter on the_content -->","protected":false},"excerpt":{"rendered":"<p>Para el hombre m\u00e1s rico del mundo, invertir para que el agua llegue a Nuevo Le\u00f3n, es pecata minuta. Por ello, en la videoconferencia de hoy entre Elon Musk y L\u00f3pez Obrador,el primero resolvi\u00f3 el problema del agua, el presidente qued\u00f3 muy satisfecho\u00a0por\u00a0 los miles de millones de d\u00f3lares que invertir\u00e1\u00a0Tesla en M\u00e9xico, y el [&hellip;]<!-- AddThis Advanced Settings generic via filter on get_the_excerpt --><!-- AddThis Share Buttons generic via filter on get_the_excerpt --><\/p>\n","protected":false},"author":16,"featured_media":0,"comment_status":"open","ping_status":"closed","sticky":false,"template":"","format":"standard","meta":[],"categories":[1],"tags":[],"_links":{"self":[{"href":"https:\/\/blogs.elcomercio.es\/reflexiones-de-belarmino\/wp-json\/wp\/v2\/posts\/28805"}],"collection":[{"href":"https:\/\/blogs.elcomercio.es\/reflexiones-de-belarmino\/wp-json\/wp\/v2\/posts"}],"about":[{"href":"https:\/\/blogs.elcomercio.es\/reflexiones-de-belarmino\/wp-json\/wp\/v2\/types\/post"}],"author":[{"embeddable":true,"href":"https:\/\/blogs.elcomercio.es\/reflexiones-de-belarmino\/wp-json\/wp\/v2\/users\/16"}],"replies":[{"embeddable":true,"href":"https:\/\/blogs.elcomercio.es\/reflexiones-de-belarmino\/wp-json\/wp\/v2\/comments?post=28805"}],"version-history":[{"count":4,"href":"https:\/\/blogs.elcomercio.es\/reflexiones-de-belarmino\/wp-json\/wp\/v2\/posts\/28805\/revisions"}],"predecessor-version":[{"id":28809,"href":"https:\/\/blogs.elcomercio.es\/reflexiones-de-belarmino\/wp-json\/wp\/v2\/posts\/28805\/revisions\/28809"}],"wp:attachment":[{"href":"https:\/\/blogs.elcomercio.es\/reflexiones-de-belarmino\/wp-json\/wp\/v2\/media?parent=28805"}],"wp:term":[{"taxonomy":"category","embeddable":true,"href":"https:\/\/blogs.elcomercio.es\/reflexiones-de-belarmino\/wp-json\/wp\/v2\/categories?post=28805"},{"taxonomy":"post_tag","embeddable":true,"href":"https:\/\/blogs.elcomercio.es\/reflexiones-de-belarmino\/wp-json\/wp\/v2\/tags?post=28805"}],"curies":[{"name":"wp","href":"https:\/\/api.w.org\/{rel}","templated":true}]}}